{"id":371812,"date":"2025-09-07T00:26:12","date_gmt":"2025-09-07T00:26:12","guid":{"rendered":"https:\/\/www.europesays.com\/fr\/371812\/"},"modified":"2025-09-07T00:26:12","modified_gmt":"2025-09-07T00:26:12","slug":"la-moitie-de-tableau-des-bleus-se-degage-apres-lexploit-de-la-finlande-qui-elimine-la-serbie-de-nikola-jokic-lequipe","status":"publish","type":"post","link":"https:\/\/www.europesays.com\/fr\/371812\/","title":{"rendered":"La moiti\u00e9 de tableau des Bleus se d\u00e9gage apr\u00e8s l&#039;exploit de la Finlande, qui \u00e9limine la Serbie de Nikola Jokic &#8211; L&#039;\u00c9quipe"},"content":{"rendered":"<ol>\n<li><a href=\"https:\/\/news.google.com\/rss\/articles\/CBMi7wFBVV95cUxNUXEzd29wX291TFdJUTNBenBoVWJwemQzY3FVemw0RF9tekZWOWloMkdlaElWMGctYmdtQ0VMSDh2OE4tWXlQdWh2Y0ZZTmw4My1nQ1RJd2ZqS3RJekxlSk5LSlVSWjRxSG9UOWpXQnBPVjZoRDItVk45bk5NcDNTSXZ1Z3VraG9jS050ZUNUQTJCWGt4V29DS3V1MlYxQ2ZfMVJ0WGo5X2ItZDNOVHdIYUJoM0ZNenI0VjA1NlFGNTR0blhqRXhFbnZuMjFRVmhxVkdDa21oazVWUjdueG1rRy11YVBCTzNmLWpsNEx3QQ?oc=5\" target=\"_blank\" rel=\"nofollow noopener\">La moiti\u00e9 de tableau des Bleus se d\u00e9gage apr\u00e8s l&rsquo;exploit de la Finlande, qui \u00e9limine la Serbie de Nikola Jokic<\/a>&nbsp;&nbsp;L&rsquo;\u00c9quipe<\/li>\n<li><a href=\"https:\/\/news.google.com\/rss\/articles\/CBMirgJBVV95cUxOVHhNYy10ZmVDamtfaVFRZndhYzgxVnhVaElVMDBzYWVrYUh3dGxlNGk1RmFycU00U1h0VVNWc3p1YlpLRGJsaGRqNmVaX3BXLUJFLU45QzgwUXJUU0piUGZqUm4yc0VETjUxb043eFNIOVRuV1p2ZE9MR0RHbmozTlVfQUhsNGxDY1pLTWV6cndRSzJhU0d4Q2ctUUpXbDR5WGpJRmJUVTItNlpiUXJhckw2cEFDcGhKYTdKa1N5Y09GNndid1pCNnpHMkpfTlZYWlFaOE5Gcnc5T2l4aGJKZWY3Q3czcFEybjV2cVQ0YU5xdDVJVWV3azlQc1RESWgzWnVJWkh3MXN5VFhTZUV1c2dFVkRCVkF6V3lwTDdpeDhYT0hibUNPN1RBaUFsZw?oc=5\" target=\"_blank\" rel=\"nofollow noopener\">L&rsquo;\u00e9norme sensation : la Finlande sort le favori serbe et pourrait affronter les Bleus en quarts<\/a>&nbsp;&nbsp;Eurosport<\/li>\n<li><a href=\"https:\/\/news.google.com\/rss\/articles\/CBMiiAFBVV95cUxQOWlnNEY5dGpic3RJc3VCRnlGUlduSHMwSVdiZUF2anNIWk9JUHdiQnhRcDgyTVk1X1BtaU9yMHpvQzdIa3RhQmRzN3o0bEliekljZnBZRFpoWmhiWC1TWmwyOFZTWlV4ZFI5UlpLZE1EanZDbV9iMWlya3BHTllFQmxhd2FBclpO?oc=5\" target=\"_blank\" rel=\"nofollow noopener\">L\u2019exploit de la Finlande : la Serbie au tapis !<\/a>&nbsp;&nbsp;Basket USA<\/li>\n<li><a href=\"https:\/\/news.google.com\/rss\/articles\/CBMiigJBVV95cUxQemhFTV96NEtLWEZKYXNuSUgxdEJmMEREZnpmTmpKNTY2VVdDajJyeVllUGhEVGxVczRrWWxYdEl6S2NhLVdRWGZ3ckVlNzRkQlRTWmxpV21nV1p4SmRDVWRhMlVwZUpfMkxONFBSR0s1bUduWFhEMi1sM2RyczE2dTk2cmUxUzNJV1dKY0oxWlQwWVg4QzJxc3RjZ18tM09LNDZ4Q2ZJSnNOb0lLdGZtdGwwc2E5ajl6Qjh3QzV0M2x0bWVpRU5tT3VRVENOYmFlcFgwLWlIZmxtQzJMaGtmR1J5SHpiNENJSTh5MzBxaWtBNXRjSEgwNHprX3lJT1UtcXoySE81Z2NiQQ?oc=5\" target=\"_blank\" rel=\"nofollow noopener\">EuroBasket. Coup de tonnerre, la Finlande \u00e9limine la Serbie de Nikola Jokic d\u00e8s les 8es de finale<\/a>&nbsp;&nbsp;Ouest-France<\/li>\n<li><a href=\"https:\/\/news.google.com\/rss\/articles\/CBMiuAFBVV95cUxOUzlLZmt0TFJZeFRkcmJNOEhkLVJrbmdONlRrdkI5dFR1SnprNzNNRVJwWVZ5QXhiVTN6WVM3S3BLUmdKdFRUNmFEeFdlSDRQMGRhSDdrQWMwZXo3ZVhBYkhqRXhlUVRFT2VEbDlnUlQybUJGOGF6T2ptX0t5a1BjM01KTXY1VDNsdTdBWUl5Zm8tWThwUG1sV1RkZjFYRFdGaUdNSVhWTnNXd3NISGhUMm82cEVqYlRu?oc=5\" target=\"_blank\" rel=\"nofollow noopener\">Eurobasket J10 : S\u00e9isme, la Finlande sort la Serbie !<\/a>&nbsp;&nbsp;BasketSession.com<\/li>\n<\/ol>\n","protected":false},"excerpt":{"rendered":"La moiti\u00e9 de tableau des Bleus se d\u00e9gage apr\u00e8s l&rsquo;exploit de la Finlande, qui \u00e9limine la Serbie de&hellip;\n","protected":false},"author":2,"featured_media":371813,"comment_status":"","ping_status":"","sticky":false,"template":"","format":"standard","meta":{"footnotes":""},"categories":[2],"tags":[11,1011,27,12,25],"class_list":{"0":"post-371812","1":"post","2":"type-post","3":"status-publish","4":"format-standard","5":"has-post-thumbnail","7":"category-actualites","8":"tag-actualites","9":"tag-fr","10":"tag-france","11":"tag-news","12":"tag-republique-francaise"},"share_on_mastodon":{"url":"https:\/\/pubeurope.com\/@fr\/115160179409776982","error":""},"_links":{"self":[{"href":"https:\/\/www.europesays.com\/fr\/wp-json\/wp\/v2\/posts\/371812","targetHints":{"allow":["GET"]}}],"collection":[{"href":"https:\/\/www.europesays.com\/fr\/wp-json\/wp\/v2\/posts"}],"about":[{"href":"https:\/\/www.europesays.com\/fr\/wp-json\/wp\/v2\/types\/post"}],"author":[{"embeddable":true,"href":"https:\/\/www.europesays.com\/fr\/wp-json\/wp\/v2\/users\/2"}],"replies":[{"embeddable":true,"href":"https:\/\/www.europesays.com\/fr\/wp-json\/wp\/v2\/comments?post=371812"}],"version-history":[{"count":0,"href":"https:\/\/www.europesays.com\/fr\/wp-json\/wp\/v2\/posts\/371812\/revisions"}],"wp:featuredmedia":[{"embeddable":true,"href":"https:\/\/www.europesays.com\/fr\/wp-json\/wp\/v2\/media\/371813"}],"wp:attachment":[{"href":"https:\/\/www.europesays.com\/fr\/wp-json\/wp\/v2\/media?parent=371812"}],"wp:term":[{"taxonomy":"category","embeddable":true,"href":"https:\/\/www.europesays.com\/fr\/wp-json\/wp\/v2\/categories?post=371812"},{"taxonomy":"post_tag","embeddable":true,"href":"https:\/\/www.europesays.com\/fr\/wp-json\/wp\/v2\/tags?post=371812"}],"curies":[{"name":"wp","href":"https:\/\/api.w.org\/{rel}","templated":true}]}}