{"id":371814,"date":"2025-09-07T00:27:12","date_gmt":"2025-09-07T00:27:12","guid":{"rendered":"https:\/\/www.europesays.com\/fr\/371814\/"},"modified":"2025-09-07T00:27:12","modified_gmt":"2025-09-07T00:27:12","slug":"je-vous-trouve-gonfle-francois-bayrou-choque-par-le-traitement-quon-lui-reserve-il-devoile-des-coulisses-inedites","status":"publish","type":"post","link":"https:\/\/www.europesays.com\/fr\/371814\/","title":{"rendered":"\u201cJe vous trouve gonfl\u00e9 !\u201d : Fran\u00e7ois Bayrou choqu\u00e9 par le traitement qu\u2019on lui r\u00e9serve, il d\u00e9voile des coulisses in\u00e9dites"},"content":{"rendered":"<p><a href=\"https:\/\/www.closermag.fr\/people\/comme-un-petit-garcon-apolline-de-malherbe-y-va-tres-fort-avec-francois-bayrou-lechange-degenere-3575238\" target=\"_blank\" rel=\"noopener\"><br \/>\nLe Premier ministre<\/a> ne le savait peut-\u00eatre pas, mais, ce<br \/>\nsamedi, c&rsquo;\u00e9tait sa f\u00eate. Invit\u00e9 sur le plateau de <a href=\"https:\/\/www.telestar.fr\/actu_tv\/c-a-vous-patrick-cohen-vise-par-un-depute-mediatique-apres-ses-propos-voles-sur-rachida-dati-1737285\" target=\"_blank\" rel=\"noopener\"><br \/>\nC \u00e0 vous<\/a> <strong>le 6 septembre 2025, Fran\u00e7ois Bayrou a du<br \/>\nrecevoir les coups.<\/strong> \u00c0 peine arriv\u00e9 en plateau, il a \u00e9cout\u00e9<br \/>\nl&rsquo;\u00e9ditorial au vitriol d&rsquo;un chroniqueur de l&rsquo;\u00e9mission. Le contenu<br \/>\nde celui-ci ? Des termes tels que \u00ab\u00a0en roue libre\u00a0\u00bb,<br \/>\n<strong>\u00ab\u00a0illisible quand il commence \u00e0 faire des concessions trop<br \/>\ntardivement et \u00e0 l&rsquo;envers\u00a0\u00bb<\/strong> et \u00ab\u00a0kamikaze\u00a0\u00bb. \u00ab\u00a0Tout<br \/>\n\u00e7a pour \u00e7a ?\u00a0\u00bb a conclu l&rsquo;\u00e9ditorialiste. Rien que \u00e7a.<\/p>\n<p>A\u00efe&#8230; Sto\u00efque pendant cette logorrh\u00e9e de d\u00e9nigrements, <a href=\"https:\/\/www.closermag.fr\/politique\/emmanuel-macron-une-femme-pour-remplacer-francois-bayrou-cette-proche-de-julie-gayet-qui-coche-des-cases-3575999\" target=\"_blank\" rel=\"noopener\"><br \/>\nFran\u00e7ois Bayrou<\/a> l&rsquo;a \u00e9t\u00e9 un peu moins apr\u00e8s. \u00ab\u00a0On est oblig\u00e9<br \/>\nde supporter tout \u00e7a, des discours comme \u00e7a, des affirmations de<br \/>\nquelqu&rsquo;un qui n&rsquo;a <strong>aucune exp\u00e9rience<\/strong> et qui ne sait<br \/>\npas ce dont il parle ?\u00a0\u00bb, a-t-il lanc\u00e9, calme mais indign\u00e9 face<br \/>\n\u00e0 des <strong>\u00ab\u00a0contre v\u00e9rit\u00e9s aussi lourdes<\/strong>\u00ab\u00a0.<br \/>\nMalheureusement, sa f\u00eate \u00e9tait loin d&rsquo;\u00eatre finie.<\/p>\n<p>\u00ab\u00a0Je ne suis pas l\u00e0 pour enfiler des perles !\u00a0\u00bb<\/p>\n<p>Peu apr\u00e8s, <a href=\"https:\/\/www.closermag.fr\/people\/une-personne-malade-le-constat-sans-appel-de-jimmy-mohamed-sur-matthieu-delormeau-et-son-addiction-a-la-cocaine-3575992\" target=\"_blank\" rel=\"noopener\"><br \/>\nMohamed Bouhafsi<\/a> et sa bande ont lanc\u00e9 une s\u00e9quence. On voit<br \/>\nLaurent Wauquiez et d&rsquo;autres hommes politiques tenir des propos<br \/>\ntr\u00e8s peu flatteurs sur le disciple d&rsquo;Emmanuel Macron.<br \/>\n<strong>\u00ab\u00a0L\u00e2che, ennuyeux, inefficace\u00a0\u00bb<\/strong>, notamment.<br \/>\nL&rsquo;invit\u00e9 de l&rsquo;\u00e9mission a encaiss\u00e9 ces mots une nouvelle fois.<br \/>\n\u00c9chauff\u00e9 par ces attaques, il a lanc\u00e9 : <strong>\u00ab\u00a0Je ne suis pas<br \/>\nl\u00e0 pour enfiler des perles !\u00a0\u00bb\u00a0<\/strong><\/p>\n<p>\u00ab\u00a0Monsieur Bayrou, vous avez parl\u00e9 \u00e0 4 cha\u00eenes t\u00e9l\u00e9 (&#8230;)<br \/>\nDans un sondage (&#8230;), on apprend que seulement 14% des fran\u00e7ais<br \/>\nont confiance en vous. Pourquoi vous \u00eates l\u00e0 ce soir ?\u00a0\u00bb a<br \/>\nfeint de demander na\u00efvement le rempla\u00e7ant d&rsquo;<a href=\"https:\/\/www.closermag.fr\/tv_tele_realite\/pierre-lescure-fond-en-larmes-dans-c-a-vous-un-ptain-dexemple-pour-anne-elisabeth-lemoine-3560426\" target=\"_blank\" rel=\"noopener\">Anne-\u00c9lisabeth<br \/>\nLemoine<\/a>. Mais, cette fois, c&rsquo;\u00e9tait la goutte de trop. Fran\u00e7ois<br \/>\nBayrou n&rsquo;a pas support\u00e9 cette nouvelle information. Fausse, qui<br \/>\nplus est, selon lui. Il a donc d\u00e9cid\u00e9 de <strong>d\u00e9voiler les<br \/>\ncoulisses<\/strong> in\u00e9dites de l&rsquo;\u00e9mission.<\/p>\n<p>Fran\u00e7ois Bayrou d\u00e9voile les coulisses<br \/>\nin\u00e9dites de C \u00e0 vous : \u00ab\u00a0Venu dans mon bureau&#8230;\u00a0\u00bb<\/p>\n<p>\u00ab\u00a0Je vous trouve gonfl\u00e9 !\u00a0\u00bb a-t-il lanc\u00e9. S&rsquo;offusquant :<br \/>\n\u00ab\u00a0Je suis l\u00e0 parce que vous m&rsquo;avez invit\u00e9, excusez-moi, on va<br \/>\ndire aux gens ! Vous \u00eates venu dans mon bureau pour m&rsquo;expliquer<br \/>\nqu&rsquo;il fallait que je vienne, que <strong>c&rsquo;\u00e9tait une \u00e9mission o\u00f9<br \/>\nvous aviez envie et besoin de me rencontrer.<\/strong> Et vous me<br \/>\ndemandez maintenant pourquoi je suis l\u00e0 ?!\u00a0\u00bb\u00a0<\/p>\n<p><a href=\"https:\/\/www.closermag.fr\/tv_tele_realite\/mohamed-bouhafsi-cet-acteur-francais-detestable-dont-il-ne-garde-pas-un-bon-souvenir-dans-c-a-vous-3574437\" target=\"_blank\" rel=\"noopener\"><br \/>\nLe pr\u00e9sentateur de 33 ans<\/a> a tent\u00e9 de justifier. \u00ab\u00a0Ce n&rsquo;est<br \/>\npas li\u00e9 \u00e0 l&rsquo;invitation ! C&rsquo;est <strong>li\u00e9 au message que vous<br \/>\nvoulez porter<\/strong>, ce soir !\u00a0\u00bb Un d\u00e9bat&#8230; tendu.<\/p>\n","protected":false},"excerpt":{"rendered":"Le Premier ministre ne le savait peut-\u00eatre pas, mais, ce samedi, c&rsquo;\u00e9tait sa f\u00eate. Invit\u00e9 sur le plateau&hellip;\n","protected":false},"author":2,"featured_media":371815,"comment_status":"","ping_status":"","sticky":false,"template":"","format":"standard","meta":{"footnotes":""},"categories":[2],"tags":[11,548,1011,27,431,12,25],"class_list":{"0":"post-371814","1":"post","2":"type-post","3":"status-publish","4":"format-standard","5":"has-post-thumbnail","7":"category-actualites","8":"tag-actualites","9":"tag-article-simple","10":"tag-fr","11":"tag-france","12":"tag-francois-bayrou","13":"tag-news","14":"tag-republique-francaise"},"share_on_mastodon":{"url":"https:\/\/pubeurope.com\/@fr\/115160183169667481","error":""},"_links":{"self":[{"href":"https:\/\/www.europesays.com\/fr\/wp-json\/wp\/v2\/posts\/371814","targetHints":{"allow":["GET"]}}],"collection":[{"href":"https:\/\/www.europesays.com\/fr\/wp-json\/wp\/v2\/posts"}],"about":[{"href":"https:\/\/www.europesays.com\/fr\/wp-json\/wp\/v2\/types\/post"}],"author":[{"embeddable":true,"href":"https:\/\/www.europesays.com\/fr\/wp-json\/wp\/v2\/users\/2"}],"replies":[{"embeddable":true,"href":"https:\/\/www.europesays.com\/fr\/wp-json\/wp\/v2\/comments?post=371814"}],"version-history":[{"count":0,"href":"https:\/\/www.europesays.com\/fr\/wp-json\/wp\/v2\/posts\/371814\/revisions"}],"wp:featuredmedia":[{"embeddable":true,"href":"https:\/\/www.europesays.com\/fr\/wp-json\/wp\/v2\/media\/371815"}],"wp:attachment":[{"href":"https:\/\/www.europesays.com\/fr\/wp-json\/wp\/v2\/media?parent=371814"}],"wp:term":[{"taxonomy":"category","embeddable":true,"href":"https:\/\/www.europesays.com\/fr\/wp-json\/wp\/v2\/categories?post=371814"},{"taxonomy":"post_tag","embeddable":true,"href":"https:\/\/www.europesays.com\/fr\/wp-json\/wp\/v2\/tags?post=371814"}],"curies":[{"name":"wp","href":"https:\/\/api.w.org\/{rel}","templated":true}]}}