{"id":371816,"date":"2025-09-07T00:28:10","date_gmt":"2025-09-07T00:28:10","guid":{"rendered":"https:\/\/www.europesays.com\/fr\/371816\/"},"modified":"2025-09-07T00:28:10","modified_gmt":"2025-09-07T00:28:10","slug":"desert-medical-en-france-tensions-a-raqqa-en-syrie","status":"publish","type":"post","link":"https:\/\/www.europesays.com\/fr\/371816\/","title":{"rendered":"D\u00e9sert m\u00e9dical en France &#8211; Tensions \u00e0 Raqqa, en Syrie"},"content":{"rendered":"<p class=\"PopSlotParagraph qg-tx2 qg-xtra-lh svelte-1r0pyek\">Pour sa rentr\u00e9e, l&rsquo;\u00e9mission de reportage de France Inter sera pr\u00e8s de chez vous, dans la France des d\u00e9serts m\u00e9dicaux. 87% des d\u00e9partements manquent cruellement de m\u00e9decin. Le Lot-et-Garonne en fait partie. \u00c0 Feugarolles, village de 1060 habitants entre Marmande et Agen, un m\u00e9decin est de retour depuis cet \u00e9t\u00e9. Notre reporter Ana\u00eblle Verzaux a suivi ce changement de vie&#8230; pour elle et pour les habitants.<\/p>\n<p class=\"PopSlotParagraph qg-tx2 qg-xtra-lh svelte-1r0pyek\">Interception part ensuite loin de chez vous, en Syrie. Symbole des heures les plus sombres de la guerre civile, Raqqa, ancienne capitale de Daesh, essaye de se reconstruire. Depuis la chute du r\u00e9gime Al Assad en d\u00e9cembre 2024, elle est \u00e0 nouveau prise dans les sables mouvants des jeux strat\u00e9giques de la nouvelle Syrie. Omar Ouahmane y a rencontr\u00e9 les forces kurdes, qui redoutent le retour des islamistes radicaux.<\/p>\n","protected":false},"excerpt":{"rendered":"Pour sa rentr\u00e9e, l&rsquo;\u00e9mission de reportage de France Inter sera pr\u00e8s de chez vous, dans la France des&hellip;\n","protected":false},"author":2,"featured_media":371817,"comment_status":"","ping_status":"","sticky":false,"template":"","format":"standard","meta":{"footnotes":""},"categories":[4],"tags":[11,1011,27,12,25],"class_list":{"0":"post-371816","1":"post","2":"type-post","3":"status-publish","4":"format-standard","5":"has-post-thumbnail","7":"category-france","8":"tag-actualites","9":"tag-fr","10":"tag-france","11":"tag-news","12":"tag-republique-francaise"},"share_on_mastodon":{"url":"https:\/\/pubeurope.com\/@fr\/115160187124465283","error":""},"_links":{"self":[{"href":"https:\/\/www.europesays.com\/fr\/wp-json\/wp\/v2\/posts\/371816","targetHints":{"allow":["GET"]}}],"collection":[{"href":"https:\/\/www.europesays.com\/fr\/wp-json\/wp\/v2\/posts"}],"about":[{"href":"https:\/\/www.europesays.com\/fr\/wp-json\/wp\/v2\/types\/post"}],"author":[{"embeddable":true,"href":"https:\/\/www.europesays.com\/fr\/wp-json\/wp\/v2\/users\/2"}],"replies":[{"embeddable":true,"href":"https:\/\/www.europesays.com\/fr\/wp-json\/wp\/v2\/comments?post=371816"}],"version-history":[{"count":0,"href":"https:\/\/www.europesays.com\/fr\/wp-json\/wp\/v2\/posts\/371816\/revisions"}],"wp:featuredmedia":[{"embeddable":true,"href":"https:\/\/www.europesays.com\/fr\/wp-json\/wp\/v2\/media\/371817"}],"wp:attachment":[{"href":"https:\/\/www.europesays.com\/fr\/wp-json\/wp\/v2\/media?parent=371816"}],"wp:term":[{"taxonomy":"category","embeddable":true,"href":"https:\/\/www.europesays.com\/fr\/wp-json\/wp\/v2\/categories?post=371816"},{"taxonomy":"post_tag","embeddable":true,"href":"https:\/\/www.europesays.com\/fr\/wp-json\/wp\/v2\/tags?post=371816"}],"curies":[{"name":"wp","href":"https:\/\/api.w.org\/{rel}","templated":true}]}}