{"id":371818,"date":"2025-09-07T00:29:10","date_gmt":"2025-09-07T00:29:10","guid":{"rendered":"https:\/\/www.europesays.com\/fr\/371818\/"},"modified":"2025-09-07T00:29:10","modified_gmt":"2025-09-07T00:29:10","slug":"trois-francaises-dans-le-top-10-apres-le-2e-tour-de-laramco-houston-championship-carlota-ciganda-leader-lequipe","status":"publish","type":"post","link":"https:\/\/www.europesays.com\/fr\/371818\/","title":{"rendered":"Trois Fran\u00e7aises dans le top 10 apr\u00e8s le 2e tour de l&#039;Aramco Houston Championship, Carlota Ciganda leader &#8211; L&#039;\u00c9quipe"},"content":{"rendered":"<ol>\n<li><a href=\"https:\/\/news.google.com\/rss\/articles\/CBMi5gFBVV95cUxPNVJTS1duNmxTZHdxLTZpalU4M3FoR1lxSDlra0oyc3lHbFNDbVZYbHpsaUZSSVo5T01OdEg3aE9DdTg4bjhUR1R3SXZHbzIxc3Z5c1laYXRtQlh5c3Q4RURFS2daeC1NQWFDSm5iUURFSGxvc3g1dEZSamhtLVpYRHlFRUF5ZEhqTGVydWQ4R1ZQdVRRX0U0YTJOTzlSX2lnaUNVV0EzNDdPa0xYT2FHTUlvNk1WMUFybkJVOW5md0NzQUZ6WEVtRXhXRnFRTkVpR3h5cm8xREVnT3ZUaU8zMmR4VWhpZw?oc=5\" target=\"_blank\" rel=\"nofollow noopener\">Trois Fran\u00e7aises dans le top 10 apr\u00e8s le 2e tour de l&rsquo;Aramco Houston Championship, Carlota Ciganda leader<\/a>&nbsp;&nbsp;L&rsquo;\u00c9quipe<\/li>\n<li><a href=\"https:\/\/news.google.com\/rss\/articles\/CBMimwJBVV95cUxPY2MtSzBaR3NDdDRIelFBblVSd3RFbS1FU1NKRzNyMHVPM0lpcDNJcXZSSzdBNHdlZUdqOXBTS3d2VnZSR0JueFZyVTBQUmtRQXZfUWVYY29aTWtsalhDWGx2amQ0UmFLb3kycmg1Q3pXN0pjV2dMRmdoUEkwWTU4ZXNDVEpMNEV4enhlTzJtdXF4VGE2akVPOEk3eUdzNFhnRTdIZ2V6OURLSXNuQ3BQYVJmNUgtblpyRVd1ZmpFcFU3RzNqVmtWRXk2b3JWX0R1MXVsZWwwcURIUERiZ2xadVlWaVhXd0RTc0wzdFNVOVE4Z3BWR1EwWk0xWlpUX3d2Q09URC1YRzdrdl9jdkFoZEhSajdsQk90MExj?oc=5\" target=\"_blank\" rel=\"nofollow noopener\">Golf. Let &#8211; Houston Championship: Mimi Rhodes en t\u00eate apr\u00e8s le premier jour. Les Fran\u00e7aises plac\u00e9es<\/a>&nbsp;&nbsp;Ouest-France<\/li>\n<li><a href=\"https:\/\/news.google.com\/rss\/articles\/CBMi1gFBVV95cUxQM1JKS3dmVldIT0xGa2dLTkhOVVZFZWlvb3VJcTFHSkxFdV9pWjVXcFYxaENzTzIyeTlDNGRiVG5HMXhSYmdSWEZmdDRRSWpIVkpnR2ZpUGdpWGFlM2ZpRW9EWlE1dVV4ZEtzYzBvbjVBSV9ZQjRNVUVhV2Naakl2bE5YRUthdU91ZF9vdWhrQ3V3UllOQmFqakdRc1BVLUYxaVRGZ2xRdHhCV2lGZy1lUUFvT201d2VfQUo2ZXpLd1ZwUTh6N0hpS0JiMC12ZkxKVmdUS3BB?oc=5\" target=\"_blank\" rel=\"nofollow noopener\">Mimi Rhodes (re)prend les devants, C\u00e9line Boutier en t\u00eate par \u00e9quipes<\/a>&nbsp;&nbsp;Golf Plan\u00e8te<\/li>\n<li><a href=\"https:\/\/news.google.com\/rss\/articles\/CBMi5wFBVV95cUxQdEttRkJmZm1IZllYWHgwRl9BOE9iS2kxRzBkZGctUHdLYnl1VFMyN0duTWhMRXNMVHJYQ1dVYlFoMWZfbUsxa0FZZzFzdWtKRWRsOFhvLVhYbGRFb2ZtbzlRa1VPVUo2RzZ6TURyaWozR0JXSENCRWRpVFBLbDNrTTBBcmFLVjc0U0JPcWVLVDV4a0Q3ZlhOUE5fcEI1UWJUblpvNm1JeDJhR2FKX0JIc2JBcVJ6SFpPdXJRZ2hxNVRWand4dHo5RGRRR2xlLWswY0xzc2gtdHVVNmttVUVDMGRQSVB0eUU?oc=5\" target=\"_blank\" rel=\"nofollow noopener\">Ladies European Tour &#8211; Manon De Roey passe le cut au Houston Championship<\/a>&nbsp;&nbsp;La Libre.be<\/li>\n<li><a href=\"https:\/\/news.google.com\/rss\/articles\/CBMivAFBVV95cUxQVV9Ob3dvcy1tTUhqSUxDaGlWdmJweEZ4bVk0Rl92RHV1M0tTTFhxZHl2dUoyQms5eXpFb0plX0FMTVczWmxfWkctd3p0SWpOd1d6TjR0RC1OV3djR2c0Mmt1aU44cDJDeWlNZ3FmRWViNTU5QzkzRUkzemxXaHQyMjJFRjNISjlvZTBmNHFiMkRCTC1OSlVFTVhKYVZSd0c0Vk9fQ3EwQ2xCYmV5NHMyVVpGanF5eGw0RDFCcA?oc=5\" target=\"_blank\" rel=\"nofollow noopener\">Ladies European Tour &#8211; Manon De Roey 73e apr\u00e8s le premier tour du Championnat de Houston<\/a>&nbsp;&nbsp;StarSportTV<\/li>\n<\/ol>\n","protected":false},"excerpt":{"rendered":"Trois Fran\u00e7aises dans le top 10 apr\u00e8s le 2e tour de l&rsquo;Aramco Houston Championship, Carlota Ciganda leader&nbsp;&nbsp;L&rsquo;\u00c9quipe Golf.&hellip;\n","protected":false},"author":2,"featured_media":371819,"comment_status":"","ping_status":"","sticky":false,"template":"","format":"standard","meta":{"footnotes":""},"categories":[1418],"tags":[1011,27,1472,60],"class_list":{"0":"post-371818","1":"post","2":"type-post","3":"status-publish","4":"format-standard","5":"has-post-thumbnail","7":"category-golf","8":"tag-fr","9":"tag-france","10":"tag-golf","11":"tag-sports"},"share_on_mastodon":{"url":"https:\/\/pubeurope.com\/@fr\/115160190982308460","error":""},"_links":{"self":[{"href":"https:\/\/www.europesays.com\/fr\/wp-json\/wp\/v2\/posts\/371818","targetHints":{"allow":["GET"]}}],"collection":[{"href":"https:\/\/www.europesays.com\/fr\/wp-json\/wp\/v2\/posts"}],"about":[{"href":"https:\/\/www.europesays.com\/fr\/wp-json\/wp\/v2\/types\/post"}],"author":[{"embeddable":true,"href":"https:\/\/www.europesays.com\/fr\/wp-json\/wp\/v2\/users\/2"}],"replies":[{"embeddable":true,"href":"https:\/\/www.europesays.com\/fr\/wp-json\/wp\/v2\/comments?post=371818"}],"version-history":[{"count":0,"href":"https:\/\/www.europesays.com\/fr\/wp-json\/wp\/v2\/posts\/371818\/revisions"}],"wp:featuredmedia":[{"embeddable":true,"href":"https:\/\/www.europesays.com\/fr\/wp-json\/wp\/v2\/media\/371819"}],"wp:attachment":[{"href":"https:\/\/www.europesays.com\/fr\/wp-json\/wp\/v2\/media?parent=371818"}],"wp:term":[{"taxonomy":"category","embeddable":true,"href":"https:\/\/www.europesays.com\/fr\/wp-json\/wp\/v2\/categories?post=371818"},{"taxonomy":"post_tag","embeddable":true,"href":"https:\/\/www.europesays.com\/fr\/wp-json\/wp\/v2\/tags?post=371818"}],"curies":[{"name":"wp","href":"https:\/\/api.w.org\/{rel}","templated":true}]}}