{"id":371820,"date":"2025-09-07T00:31:14","date_gmt":"2025-09-07T00:31:14","guid":{"rendered":"https:\/\/www.europesays.com\/fr\/371820\/"},"modified":"2025-09-07T00:31:14","modified_gmt":"2025-09-07T00:31:14","slug":"matthieu-jalibert-atteint-les-1000-points-en-top-14-lors-de-la-victoire-de-lubb-contre-la-rochelle-lequipe","status":"publish","type":"post","link":"https:\/\/www.europesays.com\/fr\/371820\/","title":{"rendered":"Matthieu Jalibert atteint les 1000 points en Top 14 lors de la victoire de l&#039;UBB contre La Rochelle &#8211; L&#039;\u00c9quipe"},"content":{"rendered":"<ol>\n<li><a href=\"https:\/\/news.google.com\/rss\/articles\/CBMi4AFBVV95cUxPQTA0SUJkS1NfRmRZX1NyZnBZUTUyRHJ4RmwtbVo0Y1duaEJjdDliZ2xMUnBSWm1DUzlzMERkR3NtaE9rMEhrbF80b2RUajFieXBHZnZBTzV6b1ZTUmpfYVRYZ2RlbzU4OTF3Wm1oa09jSHFyS0xJcll3cUpPaEdlaXJVLXRROUIzSWtNekhkQ3FSVVZSMUhLNkVPcm1xYzctMW1uSmZScXVRRDFoaV9MVnpFXzFfOWFoTWZCS01VZWxzMzhsWEQxY09VOEZUYm01V0FOWlJ4dG9wOE9FaVdUNQ?oc=5\" target=\"_blank\" rel=\"nofollow noopener\">Matthieu Jalibert atteint les 1000 points en Top 14 lors de la victoire de l&rsquo;UBB contre La Rochelle<\/a>&nbsp;&nbsp;L&rsquo;\u00c9quipe<\/li>\n<li><a href=\"https:\/\/news.google.com\/rss\/articles\/CBMiiwFBVV95cUxOTEpiRlAyekR1OUNRYXdVZ2VpV1BwWklmN1d2dkpZT1F3ZnVjWmgtX04ycUtnVXlNNTFPRVFpUzFXTFg2dUdoUHNWX1BOWGRIWFVjSnZTdnd4S04tQlBPeFlNRThYTjVfei04Sm5hQ0ktdjhRQ2pMN3dhNjBuX3d0Nkc2Y3hOTGtOUzQ4?oc=5\" target=\"_blank\" rel=\"nofollow noopener\">L&rsquo;\u00e9quipe pour la premi\u00e8re \u00e0 Bordeaux !<\/a>&nbsp;&nbsp;Stade Rochelais<\/li>\n<li><a href=\"https:\/\/news.google.com\/rss\/articles\/CBMi5gFBVV95cUxNd1ZMcFEyUzc3eHhTYzZxMnVLZ3FzcWlBSWxSeFl0XzFnM2lIOHZ4SFpLWGhwcXZVN0VMX1dtbGlrOUluRVZnUkRfME9mVTQ3akZFR0E3TU5KaWZ1cWJ0X254WU90b2NPNFpEN1hxS0s5ZzZvMXFpTEVaV0pPQmVGdkM1V01jS3hvbzRsdTJRV3l6ZFRYa2VralNFRzFUSEg5LTd0TFF4OUhiT2JuNVNpbnVBNFJFMmpxVER0UnpUQXppUDFCcFJfSTFUWTNhamwtXzhwSzVqUk5mQjZqb0tWT0I5c1FLZw?oc=5\" target=\"_blank\" rel=\"nofollow noopener\">\u00ab\u00a0L\u2019arriv\u00e9e au stade m\u2019a impressionn\u00e9\u00a0\u00bb, savoure Palu pour sa premi\u00e8re victoire avec l\u2019UBB<\/a>&nbsp;&nbsp;Rugbyrama<\/li>\n<li><a href=\"https:\/\/news.google.com\/rss\/articles\/CBMirwFBVV95cUxOWEk4c2hfVHBvbUw4aTcyVHFnOTNodUdqZjl2ZDl2cmcwUWdqREtOSkh2cV9vZUZkUW4ybmt6R0prVVRkUXAyTnExMnJ0Rld2WENQd2I3MkRZaEtjMDF5bkRXcGVxeXMwdU92Qk51Z0dQVGY3cEZaZXV1OFhmdXkyRWJIZUFpeW1MYnBaeVlwbl9FajVvREJKR29WUVJWcXJacFk3RTNzdm5ERURRSmlB0gGuAUFVX3lxTE5XUm0tR2JpZUZtRkJWOUlSRjJlLTdpSkl0YjNzdmF3YjVPMk5JdDNLR0dabG5Pb0ZtZUthaVBUaDAyLWFMazNWelJDY1dFR0dBM3hpQkFiMjc3WVFwZ2Y3RmE1RW0xQWZDZU5hNnFOR2d5MVg3Rnh3QkVHLXB6QkVJclNKekZ4Q2RlY0pRZHYwdnlRWHJDeFZsVU1rRmI0ZEQxT1l1WnhqZGtTNWVYdw?oc=5\" target=\"_blank\" rel=\"nofollow noopener\">Top 14 (J1) : Bordeaux-B\u00e8gles domine La Rochelle<\/a>&nbsp;&nbsp;Orange Actualit\u00e9s | Sports<\/li>\n<li><a href=\"https:\/\/news.google.com\/rss\/articles\/CBMikgFBVV95cUxOUkNQZEUtYUpQZGhuSG5xeUNjN0VKN3B2R0xxNXdjWFAyRk1IaElXTTN0R25yY0I2MWRtYXhVcmVyamRmaTJjU1JHeEN0eGZMZ1FIQjA4LVpxU202QjlnLXhHNFIxTU1reTZpZjNHRGowelAxTXA4Q2daeHhvUF9SMEFDXzhGRXZiTlV2Q0poZG9qQQ?oc=5\" target=\"_blank\" rel=\"nofollow noopener\">UBB-La Rochelle : le film de la victoire bordelaise<\/a>&nbsp;&nbsp;Le Figaro<\/li>\n<\/ol>\n","protected":false},"excerpt":{"rendered":"Matthieu Jalibert atteint les 1000 points en Top 14 lors de la victoire de l&rsquo;UBB contre La Rochelle&nbsp;&nbsp;L&rsquo;\u00c9quipe&hellip;\n","protected":false},"author":2,"featured_media":371821,"comment_status":"","ping_status":"","sticky":false,"template":"","format":"standard","meta":{"footnotes":""},"categories":[1416],"tags":[1011,27,479,1468,60],"class_list":{"0":"post-371820","1":"post","2":"type-post","3":"status-publish","4":"format-standard","5":"has-post-thumbnail","7":"category-rugby","8":"tag-fr","9":"tag-france","10":"tag-rugby","11":"tag-rugby-football","12":"tag-sports"},"share_on_mastodon":{"url":"https:\/\/pubeurope.com\/@fr\/115160198859082920","error":""},"_links":{"self":[{"href":"https:\/\/www.europesays.com\/fr\/wp-json\/wp\/v2\/posts\/371820","targetHints":{"allow":["GET"]}}],"collection":[{"href":"https:\/\/www.europesays.com\/fr\/wp-json\/wp\/v2\/posts"}],"about":[{"href":"https:\/\/www.europesays.com\/fr\/wp-json\/wp\/v2\/types\/post"}],"author":[{"embeddable":true,"href":"https:\/\/www.europesays.com\/fr\/wp-json\/wp\/v2\/users\/2"}],"replies":[{"embeddable":true,"href":"https:\/\/www.europesays.com\/fr\/wp-json\/wp\/v2\/comments?post=371820"}],"version-history":[{"count":0,"href":"https:\/\/www.europesays.com\/fr\/wp-json\/wp\/v2\/posts\/371820\/revisions"}],"wp:featuredmedia":[{"embeddable":true,"href":"https:\/\/www.europesays.com\/fr\/wp-json\/wp\/v2\/media\/371821"}],"wp:attachment":[{"href":"https:\/\/www.europesays.com\/fr\/wp-json\/wp\/v2\/media?parent=371820"}],"wp:term":[{"taxonomy":"category","embeddable":true,"href":"https:\/\/www.europesays.com\/fr\/wp-json\/wp\/v2\/categories?post=371820"},{"taxonomy":"post_tag","embeddable":true,"href":"https:\/\/www.europesays.com\/fr\/wp-json\/wp\/v2\/tags?post=371820"}],"curies":[{"name":"wp","href":"https:\/\/api.w.org\/{rel}","templated":true}]}}