{"id":371822,"date":"2025-09-07T00:32:14","date_gmt":"2025-09-07T00:32:14","guid":{"rendered":"https:\/\/www.europesays.com\/fr\/371822\/"},"modified":"2025-09-07T00:32:14","modified_gmt":"2025-09-07T00:32:14","slug":"aryna-sabalenka-victorieuse-a-lus-open-saffirme-comme-la-patronne-incontestee-du-tennis-feminin","status":"publish","type":"post","link":"https:\/\/www.europesays.com\/fr\/371822\/","title":{"rendered":"Aryna Sabalenka, victorieuse \u00e0 l\u2019US Open, s\u2019affirme comme la patronne incontest\u00e9e du tennis f\u00e9minin"},"content":{"rendered":"<p>                         <img loading=\"lazy\" decoding=\"async\" src=\"https:\/\/www.europesays.com\/fr\/wp-content\/uploads\/2025\/09\/0876bdf_ftp-import-images-1-cnogzzana0k0-2025-09-06t223638z-974367072-mt1usatoday27020802-rtrmadp-3-.jpeg\" alt=\"La Bi\u00e9lorusse Aryna Sabalenka c\u00e9l\u00e8bre sa victoire en finale de l\u2019US Open face \u00e0 l\u2019Am\u00e9ricaine Amanda Anisimova, le samedi 6\u00a0septembre 2025.\"   width=\"664\" height=\"443\"\/>    La Bi\u00e9lorusse Aryna Sabalenka c\u00e9l\u00e8bre sa victoire en finale de l\u2019US Open face \u00e0 l\u2019Am\u00e9ricaine Amanda Anisimova, le samedi 6\u00a0septembre 2025.  ROBERT DEUTSCH\/IMAGN IMAGES VIA REUTERS                 <\/p>\n<p class=\"article__paragraph  \">Tenante du titre \u00e0 New York, Aryna Sabalenka a conserv\u00e9 son bien, samedi 6\u00a0septembre, sur le court Arthur-Ashe de Flushing Meadows au toit ferm\u00e9, devant 23\u00a0000 spectateurs. La Bi\u00e9lorusse a domin\u00e9 l\u2019Am\u00e9ricaine Amanda Anisimova en deux sets \u2013 6-3, 7-6 (3) \u2013 et confirme son statut de num\u00e9ro un mondiale.<\/p>\n<p class=\"article__paragraph  \">A 27\u00a0ans, Sabalenka remporte son quatri\u00e8me Majeur apr\u00e8s l\u2019Open d\u2019Australie (en\u00a02023 et 2024), puis l\u2019US Open (en\u00a02024), mais il s\u2019agit de son premier succ\u00e8s en Grand Chelem cette saison. Pour trouver une joueuse ayant r\u00e9ussi l\u2019exploit de conserver son titre \u00e0 Flushing Meadows, il faut remonter \u00e0 l\u2019Am\u00e9ricaine Serena Williams, victorieuse en\u00a02012, 2013 et 2014.<\/p>\n<p class=\"article__paragraph  \">\u00ab\u00a0Je ne trouve pas les mots\u00a0\u00bb, a d\u00e9clar\u00e9 la championne \u00e0 l\u2019occasion de son discours de victoire. \u00ab\u00a0Je sais combien \u00e7a fait mal de perdre en finale\u00a0d\u2019un Grand Chelem\u00a0\u00bb, a-t-elle lanc\u00e9 \u00e0 l\u2019adresse d\u2019Anisimova, elle-m\u00eame d\u00e9faite pour la deuxi\u00e8me fois cette ann\u00e9e en finale d\u2019un Majeur. \u00ab\u00a0Mais le jour o\u00f9 tu gagneras, et crois-moi, tu en gagneras un, tu le savoureras d\u2019autant plus que tu as connu ces d\u00e9faites difficiles en finale\u00a0\u00bb, a-t-elle ajout\u00e9.<\/p>\n<p class=\"reading-mode-only \"><strong>Il vous reste 83.48% de cet article \u00e0 lire. La suite est r\u00e9serv\u00e9e aux abonn\u00e9s.<\/strong><\/p>\n","protected":false},"excerpt":{"rendered":"La Bi\u00e9lorusse Aryna Sabalenka c\u00e9l\u00e8bre sa victoire en finale de l\u2019US Open face \u00e0 l\u2019Am\u00e9ricaine Amanda Anisimova, le&hellip;\n","protected":false},"author":2,"featured_media":371823,"comment_status":"","ping_status":"","sticky":false,"template":"","format":"standard","meta":{"footnotes":""},"categories":[1415],"tags":[1011,27,60,1467],"class_list":{"0":"post-371822","1":"post","2":"type-post","3":"status-publish","4":"format-standard","5":"has-post-thumbnail","7":"category-tennis","8":"tag-fr","9":"tag-france","10":"tag-sports","11":"tag-tennis"},"share_on_mastodon":{"url":"https:\/\/pubeurope.com\/@fr\/115160203128962210","error":""},"_links":{"self":[{"href":"https:\/\/www.europesays.com\/fr\/wp-json\/wp\/v2\/posts\/371822","targetHints":{"allow":["GET"]}}],"collection":[{"href":"https:\/\/www.europesays.com\/fr\/wp-json\/wp\/v2\/posts"}],"about":[{"href":"https:\/\/www.europesays.com\/fr\/wp-json\/wp\/v2\/types\/post"}],"author":[{"embeddable":true,"href":"https:\/\/www.europesays.com\/fr\/wp-json\/wp\/v2\/users\/2"}],"replies":[{"embeddable":true,"href":"https:\/\/www.europesays.com\/fr\/wp-json\/wp\/v2\/comments?post=371822"}],"version-history":[{"count":0,"href":"https:\/\/www.europesays.com\/fr\/wp-json\/wp\/v2\/posts\/371822\/revisions"}],"wp:featuredmedia":[{"embeddable":true,"href":"https:\/\/www.europesays.com\/fr\/wp-json\/wp\/v2\/media\/371823"}],"wp:attachment":[{"href":"https:\/\/www.europesays.com\/fr\/wp-json\/wp\/v2\/media?parent=371822"}],"wp:term":[{"taxonomy":"category","embeddable":true,"href":"https:\/\/www.europesays.com\/fr\/wp-json\/wp\/v2\/categories?post=371822"},{"taxonomy":"post_tag","embeddable":true,"href":"https:\/\/www.europesays.com\/fr\/wp-json\/wp\/v2\/tags?post=371822"}],"curies":[{"name":"wp","href":"https:\/\/api.w.org\/{rel}","templated":true}]}}