{"id":371824,"date":"2025-09-07T00:34:12","date_gmt":"2025-09-07T00:34:12","guid":{"rendered":"https:\/\/www.europesays.com\/fr\/371824\/"},"modified":"2025-09-07T00:34:12","modified_gmt":"2025-09-07T00:34:12","slug":"heureusement-rien-nest-casse","status":"publish","type":"post","link":"https:\/\/www.europesays.com\/fr\/371824\/","title":{"rendered":"\u00ab Heureusement, rien n&rsquo;est cass\u00e9 \u00bb"},"content":{"rendered":"<p>&#13;<\/p>\n<p>Victime d\u2019un accrochage avec Fermin Aldeguer durant le  Sprint, Marco Bezzecchi s\u2019en sort sans fracture et compte rebondir dimanche.<\/p>\n<p>Parti 12e sur la grille du Grand Prix de Catalogne, Marco Bezzecchi esp\u00e9rait pouvoir combler son retour durant le Sprint, mais le pilote Aprilia a \u00e9t\u00e9 accroch\u00e9 par Fermin Aldeguer qui tentait alors de porter une attaque. \u00ab Jusqu\u2019\u00e0 ce moment-l\u00e0, la course se passait bien, j\u2019avais un bon rythme et je g\u00e9rais correctement les pneus, explique Bezzecchi. J\u2019\u00e9tais en train de r\u00e9cup\u00e9rer quelques places, mais ce genre d\u2019incident peut arriver. \u00bb<\/p>\n<p>Apr\u00e8s avoir pass\u00e9 des examens apr\u00e8s sa chute, il s\u2019est finalement voulu rassurant : \u00ab J\u2019ai d\u00fb faire quelques contr\u00f4les m\u00e9dicaux, des radios\u2026 Heureusement, rien n\u2019est cass\u00e9. J\u2019ai un peu mal \u00e0 la jambe gauche et au bras gauche, mais \u00e7a ira pour demain. Je vais faire de mon mieux pour une belle remont\u00e9e. \u00bb<\/p>\n<p>&#13;<br \/>\n           &#13;<br \/>\n&#13;<br \/>\n    &#13;<br \/>\n    &#13;<\/p>\n","protected":false},"excerpt":{"rendered":"&#13; Victime d\u2019un accrochage avec Fermin Aldeguer durant le Sprint, Marco Bezzecchi s\u2019en sort sans fracture et compte&hellip;\n","protected":false},"author":2,"featured_media":371825,"comment_status":"","ping_status":"","sticky":false,"template":"","format":"standard","meta":{"footnotes":""},"categories":[1413],"tags":[1011,27,1457,1456,60],"class_list":{"0":"post-371824","1":"post","2":"type-post","3":"status-publish","4":"format-standard","5":"has-post-thumbnail","7":"category-moto","8":"tag-fr","9":"tag-france","10":"tag-moto","11":"tag-motocycle","12":"tag-sports"},"share_on_mastodon":{"url":"https:\/\/pubeurope.com\/@fr\/115160210764001839","error":""},"_links":{"self":[{"href":"https:\/\/www.europesays.com\/fr\/wp-json\/wp\/v2\/posts\/371824","targetHints":{"allow":["GET"]}}],"collection":[{"href":"https:\/\/www.europesays.com\/fr\/wp-json\/wp\/v2\/posts"}],"about":[{"href":"https:\/\/www.europesays.com\/fr\/wp-json\/wp\/v2\/types\/post"}],"author":[{"embeddable":true,"href":"https:\/\/www.europesays.com\/fr\/wp-json\/wp\/v2\/users\/2"}],"replies":[{"embeddable":true,"href":"https:\/\/www.europesays.com\/fr\/wp-json\/wp\/v2\/comments?post=371824"}],"version-history":[{"count":0,"href":"https:\/\/www.europesays.com\/fr\/wp-json\/wp\/v2\/posts\/371824\/revisions"}],"wp:featuredmedia":[{"embeddable":true,"href":"https:\/\/www.europesays.com\/fr\/wp-json\/wp\/v2\/media\/371825"}],"wp:attachment":[{"href":"https:\/\/www.europesays.com\/fr\/wp-json\/wp\/v2\/media?parent=371824"}],"wp:term":[{"taxonomy":"category","embeddable":true,"href":"https:\/\/www.europesays.com\/fr\/wp-json\/wp\/v2\/categories?post=371824"},{"taxonomy":"post_tag","embeddable":true,"href":"https:\/\/www.europesays.com\/fr\/wp-json\/wp\/v2\/tags?post=371824"}],"curies":[{"name":"wp","href":"https:\/\/api.w.org\/{rel}","templated":true}]}}