{"id":371826,"date":"2025-09-07T00:35:21","date_gmt":"2025-09-07T00:35:21","guid":{"rendered":"https:\/\/www.europesays.com\/fr\/371826\/"},"modified":"2025-09-07T00:35:21","modified_gmt":"2025-09-07T00:35:21","slug":"hamilton-ne-voulait-pas-se-sacrifier-pour-offrir-laspiration-a-leclerc","status":"publish","type":"post","link":"https:\/\/www.europesays.com\/fr\/371826\/","title":{"rendered":"Hamilton ne voulait pas se sacrifier pour offrir l&rsquo;aspiration \u00e0 Leclerc"},"content":{"rendered":"<p>Alors que le peloton actuel est tr\u00e8s serr\u00e9 en Formule 1, chaque petit boost de performance peut faire la diff\u00e9rence, notamment en qualifications. D&rsquo;aucuns se sont en cons\u00e9quence \u00e9tonn\u00e9s que <a href=\"https:\/\/fr.motorsport.com\/team\/ferrari\/615\/\" target=\"_blank\" rel=\"noopener\">Ferrari<\/a> ne joue pas le jeu de tout miser sur <a href=\"https:\/\/fr.motorsport.com\/driver\/charles-leclerc\/109632\/\" target=\"_blank\" rel=\"noopener\">Charles Leclerc<\/a> une fois la Q3 atteinte par ses deux pilotes, puisque <a href=\"https:\/\/fr.motorsport.com\/driver\/lewis-hamilton\/76878\/\" target=\"_blank\" rel=\"noopener\">Lewis Hamilton<\/a> \u00e9tait de son c\u00f4t\u00e9 d\u00e9j\u00e0 assur\u00e9 d&rsquo;<a href=\"https:\/\/fr.motorsport.com\/f1\/news\/lewis-hamilton-deja-penalise-grille-monza\/10755253\/\" target=\"_self\" rel=\"noopener\">une p\u00e9nalit\u00e9 de cinq places sur la grille<\/a>. Toutefois, le septuple champion du monde ne partage pas cet avis.<\/p>\n<p><a href=\"https:\/\/fr.motorsport.com\/f1\/news\/leclerc-aspiration-hamilton-pourquoi-q3-monza\/10757141\/\" target=\"_self\" rel=\"noopener\">Si Leclerc a r\u00e9v\u00e9l\u00e9 apr\u00e8s la s\u00e9ance que ce sujet n&rsquo;avait de toute fa\u00e7on\u00a0\u00ab\u00a0pas vraiment\u00a0\u00bb \u00e9t\u00e9 discut\u00e9<\/a> au pr\u00e9alable par Ferrari, et que dans les faits c&rsquo;est le Mon\u00e9gasque qui s&rsquo;est retrouv\u00e9 le premier des deux pilotes de la Scuderia sur la piste lors des deux tentatives de Q3, Hamilton a pour sa part \u00e9t\u00e9 clair devant\u00a0les m\u00e9dias internationaux, dont <strong>Motorsport.com<\/strong>, quand la question lui a \u00e9t\u00e9 pos\u00e9e ce samedi en fin d&rsquo;apr\u00e8s-midi.<\/p>\n<p>\u00ab\u00a0Est-ce que je pense [Ferrari] aurait d\u00fb le faire ? Non. Je n&rsquo;ai jamais fait \u00e7a dans aucune de mes autres \u00e9quipes. Au final, potentiellement, il s&rsquo;agit de sacrifier l&rsquo;un des pilotes et j&rsquo;avais d\u00e9j\u00e0 une p\u00e9nalit\u00e9 de cinq places sur la grille donc, en termes de points, il fallait que je sois aussi haut que possible.\u00a0\u00bb<\/p>\n<p>Pour rappel, Ferrari est toujours \u00e0 la seconde place du <a href=\"https:\/\/fr.motorsport.com\/f1\/standings\/2025\/?type=Team&amp;class=\" target=\"_self\" rel=\"noopener\">classement constructeurs<\/a>, mais ne compte plus que 12 unit\u00e9s d&rsquo;avance sur <a href=\"https:\/\/fr.motorsport.com\/team\/mercedes\/611\/\" target=\"_blank\" rel=\"noopener\">Mercedes<\/a> apr\u00e8s le z\u00e9ro point\u00e9 des Pays-Bas le week-end dernier.<\/p>\n<p>\u00ab\u00a0Rien de comparable\u00a0\u00bb \u00e0 la ferveur des tifosi<br \/>\n   <img decoding=\"async\" draggable=\"false\" src=\"https:\/\/www.europesays.com\/fr\/wp-content\/uploads\/2025\/09\/lewis-hamilton-ferrari.jpg\" alt=\"Lewis Hamilton (Ferrari)\" width=\"1200\" height=\"800\" loading=\"lazy\"\/> <\/p>\n<p class=\"title\">Lewis Hamilton (Ferrari)<\/p>\n<p class=\"photographer\">Photo de: Bryn Lennon \/ Formula 1 \/ Getty Images<\/p>\n<p>Au-del\u00e0 de cette question, la performance de Hamilton lors des qualifications a sembl\u00e9 s&rsquo;inscrire dans le regain de forme affich\u00e9 au retour de la tr\u00eave, \u00e0 Zandvoort. S&rsquo;il a de nouveau \u00e9t\u00e9 devanc\u00e9 par Leclerc, le Britannique n&rsquo;accusait un retard que de 0&Prime;117 sur la Ferrari frapp\u00e9e du num\u00e9ro 16.<\/p>\n<p>\u00ab\u00a0Je suis satisfait des progr\u00e8s r\u00e9alis\u00e9s au cours du week-end\u00a0\u00bb, a-t-il d\u00e9clar\u00e9. \u00ab\u00a0Je pense que les progr\u00e8s accomplis le week-end dernier se poursuivent cette semaine. Je suis donc relativement content de la voiture, de la progression depuis les EL1, la voiture \u00e9tait super. C&rsquo;est l\u00e0 qu&rsquo;elle \u00e9tait la plus performante, puis il y a eu les EL2, nous avons apport\u00e9 des modifications pour les qualifications et je pense que c&rsquo;\u00e9tait le maximum que nous pouvions en tirer.\u00a0\u00bb<\/p>\n<p>Se projetant sur la course, il a ajout\u00e9 : \u00ab\u00a0\u00c9videmment, avec la p\u00e9nalit\u00e9 et tout le monde si resserr\u00e9, il va \u00eatre difficile de d\u00e9passer. Mais nous avons une bonne vitesse de pointe, donc j&rsquo;esp\u00e8re pouvoir remonter un peu. Je pense qu&rsquo;il faudra probablement un bon d\u00e9part, un bon premier tour et une bonne strat\u00e9gie. Nous allons essayer de comprendre ce que nous pouvons faire pour optimiser tout ca.\u00a0\u00bb<\/p>\n<p>En dehors de l&rsquo;aspect sportif, pour son premier week-end \u00e0 Monza en tant que pilote de la Scuderia, Hamilton vit en tout cas des moments forts\u00a0: \u00ab\u00a0Jusqu&rsquo;\u00e0 pr\u00e9sent, \u00e7a a \u00e9t\u00e9 incroyable. C&rsquo;\u00e9tait g\u00e9nial. Je ne sais pas vraiment quel autre mot utiliser. Je suis arriv\u00e9 mercredi \u00e0 l&rsquo;usine, puis j&rsquo;ai pris la route pour Milan et j&rsquo;ai vu tellement de monde rien que pour un \u00e9v\u00e9nement organis\u00e9 un mercredi.\u00a0\u00bb<\/p>\n<p>\u00ab\u00a0Et puis, d\u00e8s que le week-end arrive, [les tifosi] sont juste partout, [&#8230;] cach\u00e9s derri\u00e8re les arbres, vous traversez ce parc, ils sont juste, je ne sais pas&#8230; Ils sont tellement nombreux. Et vous sortez, vous les voyez, vous quittez la piste, ils sont des deux c\u00f4t\u00e9s tout le long [de la route], aussi loin que vous pouvez aller. C&rsquo;est assez incroyable de voir l&rsquo;amour que les gens de ce pays ont pour cette \u00e9quipe. Il n&rsquo;y a rien de comparable.\u00a0\u00bb<\/p>\n<p>Lire aussi :<\/p>\n<p>Dans cet article<\/p>\n<p>Soyez le premier inform\u00e9 et souscrivez aux alertes mails pour recevoir les infos en temps r\u00e9el<\/p>\n<p>    S&rsquo;abonner aux alertes de news<\/p>\n","protected":false},"excerpt":{"rendered":"Alors que le peloton actuel est tr\u00e8s serr\u00e9 en Formule 1, chaque petit boost de performance peut faire&hellip;\n","protected":false},"author":2,"featured_media":371827,"comment_status":"","ping_status":"","sticky":false,"template":"","format":"standard","meta":{"footnotes":""},"categories":[1412],"tags":[50050,2240,1451,2251,1452,1453,1454,1455,1011,27,31123,50585,1975,60],"class_list":{"0":"post-371826","1":"post","2":"type-post","3":"status-publish","4":"format-standard","5":"has-post-thumbnail","7":"category-f1","8":"tag-autodromo-nazionale-monza","9":"tag-charles-leclerc","10":"tag-f1","11":"tag-ferrari","12":"tag-formula-1","13":"tag-formula1","14":"tag-formule-1","15":"tag-formule1","16":"tag-fr","17":"tag-france","18":"tag-gp-ditalie","19":"tag-hamilton-ne-voulait-pas-se-sacrifier-pour-offrir-laspiration-u00e0-leclerc","20":"tag-lewis-hamilton","21":"tag-sports"},"share_on_mastodon":{"url":"https:\/\/pubeurope.com\/@fr\/115160214953686277","error":""},"_links":{"self":[{"href":"https:\/\/www.europesays.com\/fr\/wp-json\/wp\/v2\/posts\/371826","targetHints":{"allow":["GET"]}}],"collection":[{"href":"https:\/\/www.europesays.com\/fr\/wp-json\/wp\/v2\/posts"}],"about":[{"href":"https:\/\/www.europesays.com\/fr\/wp-json\/wp\/v2\/types\/post"}],"author":[{"embeddable":true,"href":"https:\/\/www.europesays.com\/fr\/wp-json\/wp\/v2\/users\/2"}],"replies":[{"embeddable":true,"href":"https:\/\/www.europesays.com\/fr\/wp-json\/wp\/v2\/comments?post=371826"}],"version-history":[{"count":0,"href":"https:\/\/www.europesays.com\/fr\/wp-json\/wp\/v2\/posts\/371826\/revisions"}],"wp:featuredmedia":[{"embeddable":true,"href":"https:\/\/www.europesays.com\/fr\/wp-json\/wp\/v2\/media\/371827"}],"wp:attachment":[{"href":"https:\/\/www.europesays.com\/fr\/wp-json\/wp\/v2\/media?parent=371826"}],"wp:term":[{"taxonomy":"category","embeddable":true,"href":"https:\/\/www.europesays.com\/fr\/wp-json\/wp\/v2\/categories?post=371826"},{"taxonomy":"post_tag","embeddable":true,"href":"https:\/\/www.europesays.com\/fr\/wp-json\/wp\/v2\/tags?post=371826"}],"curies":[{"name":"wp","href":"https:\/\/api.w.org\/{rel}","templated":true}]}}