{"id":371835,"date":"2025-09-07T00:41:13","date_gmt":"2025-09-07T00:41:13","guid":{"rendered":"https:\/\/www.europesays.com\/fr\/371835\/"},"modified":"2025-09-07T00:41:13","modified_gmt":"2025-09-07T00:41:13","slug":"the-voice-kids-2025-gabriela-chante-hope-theres-someone-dantony-the-johnsons-auditions-a-laveugle-the-voice-kids","status":"publish","type":"post","link":"https:\/\/www.europesays.com\/fr\/371835\/","title":{"rendered":"The Voice Kids 2025 &#8211; Gabriela chante \u00ab\u00a0Hope there&rsquo;s someone\u00a0\u00bb d&rsquo;Antony &#038; the Johnsons (Auditions \u00e0 l&rsquo;aveugle) &#8211; The Voice Kids"},"content":{"rendered":"<p id=\"descriptionPanel\" class=\"text-secondary mr-2 line-clamp-2 pr-2.5 overflow-visible\">Nouveau talent impressionnant, vous allez voir : Gabriela. Le jeune talent a choisi un titre d&rsquo;Antony and the Johnsons : \u00ab\u00a0Hope There&rsquo;s Someone\u00a0\u00bb pour faire chavirer les coachs de The Voice Kids. Pour Gabriela, \u00e2g\u00e9e de 15 ans, la musique est un h\u00e9ritage familial. Son p\u00e8re lui a transmis l\u2019amour du blues et de la m\u00e9lancolie. Tandis que sa m\u00e8re, ancienne chanteuse dans des festivals en Suisse et au Br\u00e9sil, lui a montr\u00e9 comment lever les foules. Gabriela, elle, se situe quelque part entre ces deux mondes. La jeune volleyeuse chante depuis toujours et r\u00eave de partager sa passion sur la sc\u00e8ne de The Voice Kids. Pour son audition \u00e0 l\u2019aveugle, elle a choisi une chanson qui refl\u00e8te sa dualit\u00e9. Gabriela esp\u00e8re que les coachs seront curieux de d\u00e9couvrir qui se cache derri\u00e8re sa voix !<br \/>En savoir plus sur <a class=\"text-white hover:text-blue-500\" href=\"https:\/\/www.tf1.fr\/dossier\/m-pokora\" target=\"_blank\" rel=\"noopener\">Matt Pokora<\/a><\/p>\n<p>Afficher la version longue du r\u00e9sum\u00e9<a class=\"shrink-0\" href=\"https:\/\/www.tf1.fr\/tf1\/the-voice-kids\" target=\"_blank\" rel=\"noopener\"><img decoding=\"async\" src=\"https:\/\/www.europesays.com\/fr\/wp-content\/uploads\/2025\/09\/program-card-portrait-1-d2cefe-a04851-0@1x.jpg\" width=\"138\" height=\"184\" alt=\"\" loading=\"eager\" fetchpriority=\"auto\" class=\"rounded-3px aspect-[3\/4] h-24 w-auto\" aria-hidden=\"true\"\/><\/a><\/p>\n","protected":false},"excerpt":{"rendered":"Nouveau talent impressionnant, vous allez voir : Gabriela. Le jeune talent a choisi un titre d&rsquo;Antony and the&hellip;\n","protected":false},"author":2,"featured_media":371836,"comment_status":"","ping_status":"","sticky":false,"template":"","format":"standard","meta":{"footnotes":""},"categories":[1356],"tags":[58,59,3483,41321,50587,50588,1011,27,50599,50600,50595,50596,252,10828,50589,50590,50597,50601,50586,50598,50602,50594,50593,1364,50591,50592],"class_list":{"0":"post-371835","1":"post","2":"type-post","3":"status-publish","4":"format-standard","5":"has-post-thumbnail","7":"category-television","8":"tag-divertissement","9":"tag-entertainment","10":"tag-extrait","11":"tag-extrait-tf1","12":"tag-extrait-the-voice-kids","13":"tag-extrait-the-voice-kids-tf1","14":"tag-fr","15":"tag-france","16":"tag-streaming-gratuit-the-voice-kids","17":"tag-streaming-gratuit-the-voice-kids-tf1","18":"tag-streaming-the-voice-kids","19":"tag-streaming-the-voice-kids-tf1","20":"tag-television","21":"tag-the-voice-kids","22":"tag-the-voice-kids-extrait","23":"tag-the-voice-kids-extrait-tf1","24":"tag-the-voice-kids-streaming","25":"tag-the-voice-kids-streaming-gratuit","26":"tag-the-voice-kids-tf1","27":"tag-the-voice-kids-tf1-streaming","28":"tag-the-voice-kids-tf1-streaming-gratuit","29":"tag-the-voice-kids-tf1-video","30":"tag-the-voice-kids-video","31":"tag-tv","32":"tag-video-the-voice-kids","33":"tag-video-the-voice-kids-tf1"},"share_on_mastodon":{"url":"","error":"Validation failed: Text character limit of 500 exceeded"},"_links":{"self":[{"href":"https:\/\/www.europesays.com\/fr\/wp-json\/wp\/v2\/posts\/371835","targetHints":{"allow":["GET"]}}],"collection":[{"href":"https:\/\/www.europesays.com\/fr\/wp-json\/wp\/v2\/posts"}],"about":[{"href":"https:\/\/www.europesays.com\/fr\/wp-json\/wp\/v2\/types\/post"}],"author":[{"embeddable":true,"href":"https:\/\/www.europesays.com\/fr\/wp-json\/wp\/v2\/users\/2"}],"replies":[{"embeddable":true,"href":"https:\/\/www.europesays.com\/fr\/wp-json\/wp\/v2\/comments?post=371835"}],"version-history":[{"count":0,"href":"https:\/\/www.europesays.com\/fr\/wp-json\/wp\/v2\/posts\/371835\/revisions"}],"wp:featuredmedia":[{"embeddable":true,"href":"https:\/\/www.europesays.com\/fr\/wp-json\/wp\/v2\/media\/371836"}],"wp:attachment":[{"href":"https:\/\/www.europesays.com\/fr\/wp-json\/wp\/v2\/media?parent=371835"}],"wp:term":[{"taxonomy":"category","embeddable":true,"href":"https:\/\/www.europesays.com\/fr\/wp-json\/wp\/v2\/categories?post=371835"},{"taxonomy":"post_tag","embeddable":true,"href":"https:\/\/www.europesays.com\/fr\/wp-json\/wp\/v2\/tags?post=371835"}],"curies":[{"name":"wp","href":"https:\/\/api.w.org\/{rel}","templated":true}]}}