{"id":371837,"date":"2025-09-07T00:42:11","date_gmt":"2025-09-07T00:42:11","guid":{"rendered":"https:\/\/www.europesays.com\/fr\/371837\/"},"modified":"2025-09-07T00:42:11","modified_gmt":"2025-09-07T00:42:11","slug":"celine-dion-travaille-t-elle-vraiment-avec-jean-jacques-goldman-son-equipe-met-les-choses-au-clair","status":"publish","type":"post","link":"https:\/\/www.europesays.com\/fr\/371837\/","title":{"rendered":"C\u00e9line Dion travaille-t-elle vraiment avec Jean-Jacques Goldman ? Son \u00e9quipe met les choses au clair"},"content":{"rendered":"<p><img decoding=\"async\" src=\"https:\/\/www.europesays.com\/fr\/wp-content\/uploads\/2025\/09\/photo_1756981659.jpg\" class=\"textcenter img-content\" loading=\"lazy\"\/>Alamy<br \/>\n<br \/>\nC\u00e9line Dion a fait sa rentr\u00e9e ce mercredi 3 septembre avec une interview exclusive accord\u00e9e \u00e0 M6 pour <a href=\"https:\/\/www.chartsinfrance.net\/actualite\/news-133476.html\" target=\"_blank\" class=\"spip_out\" rel=\"nofollow noopener\">un documentaire consacr\u00e9 \u00e0 l&rsquo;album \u00ab\u00a0D&rsquo;eux\u00a0\u00bb<\/a>, qui f\u00eate cette ann\u00e9e ses 30 ans. Alors que la r\u00e9daction de <a href=\"https:\/\/www.chartsinfrance.net\/Celine-Dion\/news-133675.html\" target=\"_blank\" class=\"spip_out\" rel=\"nofollow noopener\">Purecharts a class\u00e9 les chansons du disque<\/a> culte de la pire \u00e0 la meilleure, le r\u00e9alisateur du film d\u00e9voile les coulisses de ce moment rare avec la diva canadienne. \u00ab Elle \u00e9tait tr\u00e8s heureuse et \u00e9mue de parler de cet album tr\u00e8s important pour elle. (&#8230;) C&rsquo;est Val\u00e9rie Michelin [son amie et manageuse, ndlr] qui l&rsquo;a interview\u00e9e. Moi, je ne connais pas C\u00e9line Dion, je ne peux avoir les sourires, les clins d&rsquo;oeil, les confidences. Val\u00e9rie Michelin, elle, \u00e9tait d\u00e9j\u00e0 l\u00e0 il y a trente ans lors de l&rsquo;enregistrement de cet album avec Jean-Jacques Goldman \u00bb confie au <a href=\"https:\/\/www.leparisien.fr\/culture-loisirs\/musique\/celine-dion-malaise-a-leurovision-concerts-reportes-documentaire-nos-revelations-sur-son-retour-complique-02-09-2025-FQP2UQ3GCFGOPNM6ZVMKNELSJU.php\" target=\"_blank\" class=\"spip_out\" rel=\"nofollow noopener\">Parisien<\/a> le r\u00e9alisateur Nicolas Perge, charm\u00e9 par la simplicit\u00e9 et la sympathie de la chanteuse aux plus de 200 millions d&rsquo;albums vendus : \u00ab On sent qu&rsquo;elle a envie de revenir et que chanter la d\u00e9mange. Pendant l&rsquo;interview, elle n&rsquo;a pas arr\u00eat\u00e9 ! Quand on lui parlait de \u00ab\u00a0Pour que tu m&rsquo;aimes encore\u00a0\u00bb, elle chantait, quand on lui disait Piaf, elle chantait Piaf. Il n&rsquo;y a que \u00ab\u00a0L\u00e0-bas\u00a0\u00bb que je n&rsquo;ai pas gard\u00e9 au montage \u00bb.<\/p>\n<p>Le player Dailymotion est en train de se charger&#8230;<\/p>\n<p>Si la diffusion du film a occasionn\u00e9 <a href=\"https:\/\/www.chartsinfrance.net\/Celine-Dion\/news-133675.html\" target=\"_blank\" class=\"spip_out\" rel=\"nofollow noopener\">une jolie audience pour M6<\/a>, les fans de la diva attendent d\u00e9sormais des nouvelles de ses projets en cours. Car on le sait, C\u00e9line Dion travaille d&rsquo;arrache-pied sur son retour, malgr\u00e9 son combat quotidien contre le syndrome de la personne raide qui lui complique la t\u00e2che. En mai dernier, la star avait d\u00fb <a href=\"https:\/\/www.chartsinfrance.net\/actualite\/news-133667.html\" target=\"_blank\" class=\"spip_out\" rel=\"nofollow noopener\">annuler sa performance \u00e0 l&rsquo;Eurovision \u00e0 la derni\u00e8re minute<\/a> en raison d&rsquo;une crise de spasmes musculaires&#8230; Depuis, l&rsquo;artiste a \u00e9t\u00e9 rep\u00e9r\u00e9e en pleine forme <a href=\"https:\/\/www.chartsinfrance.net\/actualite\/news-132844.html\" target=\"_blank\" class=\"spip_out\" rel=\"nofollow noopener\">lors d&rsquo;un concert de Coldplay<\/a> \u00e0 Las Vegas, durant lequel Chris Martin lui a fait la s\u00e9r\u00e9nade. Une r\u00e9sidence dans la ville du vice serait m\u00eame dans les tuyaux, tout comme <a href=\"https:\/\/www.chartsinfrance.net\/Celine-Dion\/news-131064.html\" target=\"_blank\" class=\"spip_out\" rel=\"nofollow noopener\">dix concerts \u00e0 Paris La D\u00e9fense Arena<\/a> en 2026. \u00ab Dans l&rsquo;\u00e9tat actuel des choses, il faut \u00eatre pr\u00eat le jour o\u00f9 elle d\u00e9cidera de redescendre dans l&rsquo;ar\u00e8ne. Elle a \u00e9t\u00e9 tr\u00e8s claire\u2009: pour son retour en Europe, et uniquement si elle s&rsquo;en sent capable, ce sera \u00e0 Paris \u00bb confiait un producteur \u00e0 Paris-Match en d\u00e9but d&rsquo;ann\u00e9e.<\/p>\n<p>\u00ab\u00a0Il lui a \u00e9crit deux chansons\u00a0\u00bb<br \/>\nEt qui dit concert dit album ! Deux projets distincts de disques seraient en pr\u00e9paration \u00e0 en croire des bruits de couloirs persistants. L&rsquo;un sera interpr\u00e9t\u00e9 en anglais pour le march\u00e9 international, et l&rsquo;autre sera destin\u00e9 \u00e0 son public francophone. Il s&rsquo;agira de ses premi\u00e8res chansons en fran\u00e7ais depuis le succ\u00e8s en or massif de l&rsquo;album <a href=\"https:\/\/www.chartsinfrance.net\/Celine-Dion\/news-103907.html\" target=\"_blank\" class=\"spip_out\" rel=\"nofollow noopener\">\u00ab\u00a0Encore un soir\u00a0\u00bb<\/a> en 2016, et il marquera <a href=\"https:\/\/www.chartsinfrance.net\/actualite\/news-133415.html\" target=\"_blank\" class=\"spip_out\" rel=\"nofollow noopener\">ses retrouvailles avec Jean-Jacques Goldman<\/a> ! <\/p>\n<blockquote class=\"quote\"><p><b>\u00c0 LIRE &#8211;<\/b> <a href=\"https:\/\/www.chartsinfrance.net\/actualite\/news-133429.html\" target=\"_blank\" class=\"spip_out\" rel=\"nofollow noopener\">Jean-Jacques Goldman a \u00e9crit pour ce groupe culte des ann\u00e9es 80, et personne ne le savait<\/a><\/p><\/blockquote>\n<p>\nSelon des sources bien inform\u00e9es, l&rsquo;artiste de 73 ans aurait accept\u00e9 de lui r\u00e9aliser un disque sur mesure pour recr\u00e9er la magie du mythique \u00ab\u00a0D&rsquo;eux\u00a0\u00bb. Sauf qu&rsquo;aupr\u00e8s du Parisien, l&rsquo;entourage de C\u00e9line Dion r\u00e9tablit les faits&#8230; tout en confirmant que les deux artistes sont bien en contact. \u00ab Jean-Jacques ne travaille absolument pas sur un album complet de C\u00e9line Dion. Il a \u00e9crit en 2021 deux chansons pour un \u00e9ventuel prochain album en fran\u00e7ais \u00bb pr\u00e9cise un proche, qui livre une information capitale : \u00ab Une des deux a \u00e9t\u00e9 accept\u00e9e, mais on ne sait pas si elle a \u00e9t\u00e9 enregistr\u00e9e \u00bb.<\/p>\n<p>Compte tenu de la longue amiti\u00e9 et du respect mutuel qu&rsquo;entretiennent les deux artistes, il y a donc fort \u00e0 parier que cette association se concr\u00e9tisera &#8211; a minima sur une chanson donc. M\u00eame s&rsquo;il n&rsquo;est pas impossible que, depuis, C\u00e9line Dion a de nouveau d\u00e9croch\u00e9 son t\u00e9l\u00e9phone pour inciter Jean-Jacques Goldman \u00e0 lui proposer d&rsquo;autres d\u00e9mos&#8230; \u00c0 suivre !<\/p>\n","protected":false},"excerpt":{"rendered":"Alamy C\u00e9line Dion a fait sa rentr\u00e9e ce mercredi 3 septembre avec une interview exclusive accord\u00e9e \u00e0 M6&hellip;\n","protected":false},"author":2,"featured_media":371838,"comment_status":"","ping_status":"","sticky":false,"template":"","format":"standard","meta":{"footnotes":""},"categories":[1355],"tags":[58,59,1011,27,1361,873],"class_list":{"0":"post-371837","1":"post","2":"type-post","3":"status-publish","4":"format-standard","5":"has-post-thumbnail","7":"category-musique","8":"tag-divertissement","9":"tag-entertainment","10":"tag-fr","11":"tag-france","12":"tag-music","13":"tag-musique"},"share_on_mastodon":{"url":"https:\/\/pubeurope.com\/@fr\/115160242309517939","error":""},"_links":{"self":[{"href":"https:\/\/www.europesays.com\/fr\/wp-json\/wp\/v2\/posts\/371837","targetHints":{"allow":["GET"]}}],"collection":[{"href":"https:\/\/www.europesays.com\/fr\/wp-json\/wp\/v2\/posts"}],"about":[{"href":"https:\/\/www.europesays.com\/fr\/wp-json\/wp\/v2\/types\/post"}],"author":[{"embeddable":true,"href":"https:\/\/www.europesays.com\/fr\/wp-json\/wp\/v2\/users\/2"}],"replies":[{"embeddable":true,"href":"https:\/\/www.europesays.com\/fr\/wp-json\/wp\/v2\/comments?post=371837"}],"version-history":[{"count":0,"href":"https:\/\/www.europesays.com\/fr\/wp-json\/wp\/v2\/posts\/371837\/revisions"}],"wp:featuredmedia":[{"embeddable":true,"href":"https:\/\/www.europesays.com\/fr\/wp-json\/wp\/v2\/media\/371838"}],"wp:attachment":[{"href":"https:\/\/www.europesays.com\/fr\/wp-json\/wp\/v2\/media?parent=371837"}],"wp:term":[{"taxonomy":"category","embeddable":true,"href":"https:\/\/www.europesays.com\/fr\/wp-json\/wp\/v2\/categories?post=371837"},{"taxonomy":"post_tag","embeddable":true,"href":"https:\/\/www.europesays.com\/fr\/wp-json\/wp\/v2\/tags?post=371837"}],"curies":[{"name":"wp","href":"https:\/\/api.w.org\/{rel}","templated":true}]}}