{"id":371839,"date":"2025-09-07T00:43:10","date_gmt":"2025-09-07T00:43:10","guid":{"rendered":"https:\/\/www.europesays.com\/fr\/371839\/"},"modified":"2025-09-07T00:43:10","modified_gmt":"2025-09-07T00:43:10","slug":"nous-avons-vu-chien-51-le-film-francais-le-plus-attendu-de-lannee","status":"publish","type":"post","link":"https:\/\/www.europesays.com\/fr\/371839\/","title":{"rendered":"Nous avons vu \u00ab\u00a0Chien 51\u00a0\u00bb, le film fran\u00e7ais le plus attendu de l\u2019ann\u00e9e"},"content":{"rendered":"<p>                        <a class=\"author\" href=\"https:\/\/www.parismatch.com\/auteurs\/yannick-vely\" rel=\"nofollow noopener\" target=\"_blank\">Yannick Vely<\/a><br \/>\n        07\/09\/2025 \u00e0 00:01, Mis \u00e0 jour le 07\/09\/2025 \u00e0 00:08<\/p>\n<p class=\"intro\">Adaptation du roman d\u2019anticipation de Laurent Gaud\u00e9, \u00ab\u00a0Chien 51\u00a0\u00bb de C\u00e9dric Jimenez ne parvient pas \u00e0 se hisser \u00e0 la hauteur de ces r\u00e9f\u00e9rences \u00ab\u00a0Blade Runner\u00a0\u00bb et \u00ab\u00a0Les Fils de l\u2019homme\u00a0\u00bb.<\/p>\n<p><strong>Le synopsis<\/strong><\/p>\n<p>Dans un futur proche, Paris a \u00e9t\u00e9 divis\u00e9 en 3 zones qui s\u00e9parent les classes sociales et o\u00f9 l\u2019intelligence artificielle ALMA a r\u00e9volutionn\u00e9 le travail de la police. Jusqu\u2019\u00e0 ce que son inventeur soit assassin\u00e9 et que Salia et Zem, deux policiers que tout oppose, soient forc\u00e9s \u00e0 collaborer pour mener l\u2019enqu\u00eate.<\/p>\n<p>    La suite apr\u00e8s cette publicit\u00e9<\/p>\n<p>La critique de Paris Match (2\/5)<\/p>\n<p>Saluons d\u2019abord le courage de <a href=\"https:\/\/www.parismatch.com\/culture\/cinema\/cedric-jimenez-et-cedric-kahn-les-salles-de-cinema-ne-seront-jamais-remplacees-223987\" rel=\"nofollow noopener\" target=\"_blank\">C\u00e9dric Jimenez <\/a>et de ses producteurs, leur saine ambition de vouloir proposer un grand spectacle Made in France. Malgr\u00e9 ses d\u00e9fauts &#8211; nous y reviendrons &#8211; \u00ab\u00a0Chien 51\u00a0\u00bb n\u2019est pas un objet filmique \u00e0 rejeter dans son enti\u00e8ret\u00e9. Les sc\u00e8nes d\u2019action sont efficaces, Gilles Lellouche est cr\u00e9dible dans le r\u00f4le de Zem, flic du monde d\u2019en bas qui a conserv\u00e9 toute son humanit\u00e9 (et de nombreuses bouteilles de lait).<\/p>\n<p>    La suite apr\u00e8s cette publicit\u00e9<\/p>\n<p>En transposant l\u2019intrigue du roman de <a href=\"https:\/\/www.parismatch.com\/culture\/livres\/zem-de-laurent-gaude-les-rebelles-du-futur-255739\" rel=\"nofollow noopener\" target=\"_blank\">Laurent Gaud\u00e9<\/a> de la Gr\u00e8ce \u00e0 la Ville Lumi\u00e8re, le r\u00e9alisateur de \u00ab\u00a0Bac Nord\u00a0\u00bb prenait un sacr\u00e9 risque\u00a0: ne pas parvenir \u00e0 nous faire croire en notre capitale divis\u00e9e en trois zones comme autant de classes sociales &#8211; les pauvres, les privil\u00e9gi\u00e9s et les super-riches &#8211; au milieu des immeubles haussmanniens et des monuments parisiens. H\u00e9las, c\u2019est pr\u00e9cis\u00e9ment l\u00e0 le c\u0153ur du probl\u00e8me.<\/p>\n<p>L\u2019univers de \u00ab\u00a0Chien 51\u00a0\u00bb souffre beaucoup de la comparaison avec deux de ses glorieux a\u00een\u00e9s\u00a0: le monde pluvieux de \u00ab\u00a0Blade Runner\u00a0\u00bb, le chaos permanent du chef-d\u2019\u0153uvre d\u2019Alfonso Cuaron, \u00ab\u00a0Les Fils de l\u2019homme\u00a0\u00bb, qui \u00e9taient d\u00e9j\u00e0 des adaptations litt\u00e9raires. C\u2019est d\u2019autant plus dommageable que ce n\u2019\u00e9tait pas l\u2019intrigue du roman initial qui s\u00e9duisant tant, mais la description du futur que nous r\u00e9serve le capitalisme avec l\u2019aide des IA. L\u2019approche polici\u00e8re n\u2019est pas escamot\u00e9e mais un spectateur habitu\u00e9 aux r\u00e9cits d\u2019anticipation ne sera gu\u00e8re surpris des d\u00e9veloppements de l\u2019enqu\u00eate &#8211; \u00e0 l\u2019exception du personnage fascinant mais trop rare \u00e0 l\u2019\u00e9cran du gourou anti-IA incarn\u00e9 par Louis Garrel et de sa fin, plus sombre et d\u00e9finitive que celle du roman.<\/p>\n","protected":false},"excerpt":{"rendered":"Yannick Vely 07\/09\/2025 \u00e0 00:01, Mis \u00e0 jour le 07\/09\/2025 \u00e0 00:08 Adaptation du roman d\u2019anticipation de Laurent&hellip;\n","protected":false},"author":2,"featured_media":371840,"comment_status":"","ping_status":"","sticky":false,"template":"","format":"standard","meta":{"footnotes":""},"categories":[1354],"tags":[58,59,1346,1011,27,1360],"class_list":{"0":"post-371839","1":"post","2":"type-post","3":"status-publish","4":"format-standard","5":"has-post-thumbnail","7":"category-films","8":"tag-divertissement","9":"tag-entertainment","10":"tag-films","11":"tag-fr","12":"tag-france","13":"tag-movies"},"share_on_mastodon":{"url":"https:\/\/pubeurope.com\/@fr\/115160246198371663","error":""},"_links":{"self":[{"href":"https:\/\/www.europesays.com\/fr\/wp-json\/wp\/v2\/posts\/371839","targetHints":{"allow":["GET"]}}],"collection":[{"href":"https:\/\/www.europesays.com\/fr\/wp-json\/wp\/v2\/posts"}],"about":[{"href":"https:\/\/www.europesays.com\/fr\/wp-json\/wp\/v2\/types\/post"}],"author":[{"embeddable":true,"href":"https:\/\/www.europesays.com\/fr\/wp-json\/wp\/v2\/users\/2"}],"replies":[{"embeddable":true,"href":"https:\/\/www.europesays.com\/fr\/wp-json\/wp\/v2\/comments?post=371839"}],"version-history":[{"count":0,"href":"https:\/\/www.europesays.com\/fr\/wp-json\/wp\/v2\/posts\/371839\/revisions"}],"wp:featuredmedia":[{"embeddable":true,"href":"https:\/\/www.europesays.com\/fr\/wp-json\/wp\/v2\/media\/371840"}],"wp:attachment":[{"href":"https:\/\/www.europesays.com\/fr\/wp-json\/wp\/v2\/media?parent=371839"}],"wp:term":[{"taxonomy":"category","embeddable":true,"href":"https:\/\/www.europesays.com\/fr\/wp-json\/wp\/v2\/categories?post=371839"},{"taxonomy":"post_tag","embeddable":true,"href":"https:\/\/www.europesays.com\/fr\/wp-json\/wp\/v2\/tags?post=371839"}],"curies":[{"name":"wp","href":"https:\/\/api.w.org\/{rel}","templated":true}]}}