{"id":371845,"date":"2025-09-07T00:46:13","date_gmt":"2025-09-07T00:46:13","guid":{"rendered":"https:\/\/www.europesays.com\/fr\/371845\/"},"modified":"2025-09-07T00:46:13","modified_gmt":"2025-09-07T00:46:13","slug":"jean-michel-aphatie-lui-reserve-de-mauvaises-surp","status":"publish","type":"post","link":"https:\/\/www.europesays.com\/fr\/371845\/","title":{"rendered":"Jean-Michel Aphatie lui r\u00e9serve de mauvaises surp &#8230;"},"content":{"rendered":"<p>EN BREF<\/p>\n<ul class=\"bloc_resume_post_list\">\n<li>Jean-Michel Aphatie publie un livre pol\u00e9mique contre<br \/>\nCyril Hanouna, ancien animateur de C8, d\u00e9sormais sur W9, avec un<br \/>\ntitre inspir\u00e9 d\u00a0\u00bbune insulte re\u00e7ue par SMS.<\/li>\n<li>L&rsquo;ouvrage compare Hanouna \u00e0 Donald Trump et analyse son<br \/>\nimpact sur la t\u00e9l\u00e9vision fran\u00e7aise, avec des t\u00e9moignages de<br \/>\npersonnalit\u00e9s du monde m\u00e9diatique et politique.<\/li>\n<li>Les tensions entre Aphatie et Hanouna s&rsquo;intensifient,<br \/>\npromettant des r\u00e9v\u00e9lations m\u00e9diatiques qui pourraient secouer le<br \/>\npaysage audiovisuel fran\u00e7ais.<\/li>\n<\/ul>\n<p>La guerre est d\u00e9clar\u00e9e entre les deux figures m\u00e9diatiques.<br \/>\n<a href=\"https:\/\/www.closermag.fr\/people\/jean-michel-aphatie-attaque-cyril-hanouna-mais-cest-pascal-praud-qui-prend-caricature-de-la-vieille-france-3575754\" target=\"_blank\" rel=\"noopener\"><br \/>\nJean-Michel Aphatie<\/a> s&rsquo;appr\u00eate \u00e0 publier un br\u00fblot contre<br \/>\nl&rsquo;ancien roi de C8, d\u00e9sormais install\u00e9 sur W9. Le titre choisi ?<br \/>\nUne insulte directe re\u00e7ue par SMS de la part de l&rsquo;int\u00e9ress\u00e9<br \/>\nlui-m\u00eame.<\/p>\n<p>Un ouvrage au vitriol contre l&#8217;empire Hanouna<\/p>\n<p><a href=\"https:\/\/www.closermag.fr\/people\/quil-en-soit-remercie-jean-michel-aphatie-se-paye-la-tete-de-cyril-hanouna-dans-un-livre-explosif-3575505\" target=\"_blank\" rel=\"noopener\"><br \/>\nL&rsquo;ancien journaliste de RTL<\/a> ne m\u00e2che pas ses mots dans cette<br \/>\nenqu\u00eate fouill\u00e9e. Il compare ouvertement l&rsquo;animateur \u00e0 <a href=\"https:\/\/www.closermag.fr\/politique\/donald-trump-mort-le-president-americain-sort-du-silence-pour-mettre-fin-aux-rumeurs-3574690\" target=\"_blank\" rel=\"noopener\"><br \/>\nDonald Trump<\/a> dans son sous-titre provocateur : \u00ab\u00a0Enqu\u00eate sur<br \/>\ncelui qui a cr\u00e9\u00e9 la Trump t\u00e9l\u00e9 \u00e0 la fran\u00e7aise\u00a0\u00bb. Cette analyse<br \/>\nporte sur une d\u00e9cennie de r\u00e8gne t\u00e9l\u00e9visuel, depuis les d\u00e9buts de<br \/>\nTouche pas \u00e0 mon poste !\u00a0 jusqu&rsquo;\u00e0 l&rsquo;installation r\u00e9cente sur<br \/>\nTout beau tout n9uf .<\/p>\n<p><a href=\"https:\/\/www.closermag.fr\/tv_tele_realite\/jai-fait-un-petit-accident-jean-michel-aphatie-perdu-dans-quotidien-il-inquiete-le-plateau-3556378\" target=\"_blank\" rel=\"noopener\"><br \/>\nL&rsquo;auteur<\/a> a men\u00e9 un travail d&rsquo;investigation approfondi en<br \/>\ninterrogeant de nombreuses personnalit\u00e9s. Des dirigeants du groupe<br \/>\nBollor\u00e9 aux responsables de M6, tous ont accept\u00e9 de t\u00e9moigner. Le<br \/>\nmonde politique n&rsquo;est pas en reste puisque plusieurs figures ont<br \/>\n\u00e9galement livr\u00e9 leur version des faits. Cette d\u00e9marche vise \u00e0<br \/>\ncomprendre les ressorts qui ont pouss\u00e9 tant de personnalit\u00e9s \u00e0 se<br \/>\nrendre sur ce plateau controvers\u00e9.<\/p>\n<p>Des \u00e9changes houleux qui d\u00e9g\u00e9n\u00e8rent<\/p>\n<p>Le conflit entre les deux hommes ne date pas d&rsquo;hier. Leurs<br \/>\naccrochages publics se multiplient depuis des mois,<br \/>\nparticuli\u00e8rement sur les r\u00e9seaux sociaux. En novembre dernier, le<br \/>\nsp\u00e9cialiste politique avait vivement critiqu\u00e9 une \u00e9mission d&rsquo;Europe<br \/>\n1, d\u00e9non\u00e7ant ce qu&rsquo;il percevait comme un d\u00e9rapage. Cette attaque<br \/>\navait provoqu\u00e9 une r\u00e9action imm\u00e9diate de l&rsquo;animateur, qui avait<br \/>\naccus\u00e9 son d\u00e9tracteur d&rsquo;antis\u00e9mitisme.<\/p>\n<p>Quand <a href=\"https:\/\/www.closermag.fr\/people\/jean-michel-aphatie-lache-une-bombe-yann-barthes-hilare-dans-quotidien-3555501\" target=\"_blank\" rel=\"noopener\"><br \/>\nAphatie<\/a> a contact\u00e9 directement le principal concern\u00e9 pour lui<br \/>\npermettre de s&rsquo;exprimer dans l&rsquo;ouvrage, la r\u00e9ponse a \u00e9t\u00e9 cinglante.<br \/>\n\u00ab\u00a0Tout le monde s&rsquo;en balec&rsquo; de ton livre. T&rsquo;es une demer<br \/>\nfr\u00e8re\u00a0\u00bb, aurait r\u00e9pondu l&rsquo;animateur par message. Cette insulte<br \/>\nen verlan est devenue le titre du livre apr\u00e8s correction<br \/>\northographique. L&rsquo;ironie de la situation n&rsquo;\u00e9chappe pas au<br \/>\nchroniqueur, qui remercie avec sarcasme celui qui lui a \u00ab\u00a0trouv\u00e9<br \/>\nle titre de l&rsquo;ouvrage\u00a0\u00bb.<\/p>\n<p>Une escalade m\u00e9diatique sans fin<\/p>\n<p>Cette pol\u00e9mique s&rsquo;inscrit dans un contexte plus large de<br \/>\ntensions au sein du paysage audiovisuel fran\u00e7ais. L&rsquo;arriv\u00e9e de<br \/>\nl&rsquo;animateur sur W9 depuis le 1er septembre a relanc\u00e9 les d\u00e9bats sur<br \/>\nses m\u00e9thodes. Ses d\u00e9tracteurs d\u00e9noncent un style jug\u00e9 vulgaire et<br \/>\npopuliste, tandis que ses partisans y voient un divertissement<br \/>\nd\u00e9complex\u00e9.<\/p>\n<p>L&rsquo;auteur ne cache pas sa satisfaction \u00e0 l&rsquo;approche de la sortie.<br \/>\nSur X, il reprend m\u00eame le vocabulaire caract\u00e9ristique de sa cible :<br \/>\n\u00ab\u00a0Les ch\u00e9ris, grosse Darka en vue ! \u00c7a va \u00eatre \u00e9norme. Je vous<br \/>\naime. \u00c9tonnant, non ?\u00a0\u00bb. Cette provocation assum\u00e9e promet des<br \/>\nr\u00e9v\u00e9lations qui risquent de faire grand bruit dans le milieu<br \/>\nt\u00e9l\u00e9visuel. Le livre para\u00eetra le 18 septembre aux \u00e9ditions Robert<br \/>\nLaffont.<\/p>\n","protected":false},"excerpt":{"rendered":"EN BREF Jean-Michel Aphatie publie un livre pol\u00e9mique contre Cyril Hanouna, ancien animateur de C8, d\u00e9sormais sur W9,&hellip;\n","protected":false},"author":2,"featured_media":371846,"comment_status":"","ping_status":"","sticky":false,"template":"","format":"standard","meta":{"footnotes":""},"categories":[8],"tags":[548,1083,58,59,1011,27],"class_list":{"0":"post-371845","1":"post","2":"type-post","3":"status-publish","4":"format-standard","5":"has-post-thumbnail","7":"category-divertissement","8":"tag-article-simple","9":"tag-cyril-hanouna","10":"tag-divertissement","11":"tag-entertainment","12":"tag-fr","13":"tag-france"},"share_on_mastodon":{"url":"https:\/\/pubeurope.com\/@fr\/115160258202716647","error":""},"_links":{"self":[{"href":"https:\/\/www.europesays.com\/fr\/wp-json\/wp\/v2\/posts\/371845","targetHints":{"allow":["GET"]}}],"collection":[{"href":"https:\/\/www.europesays.com\/fr\/wp-json\/wp\/v2\/posts"}],"about":[{"href":"https:\/\/www.europesays.com\/fr\/wp-json\/wp\/v2\/types\/post"}],"author":[{"embeddable":true,"href":"https:\/\/www.europesays.com\/fr\/wp-json\/wp\/v2\/users\/2"}],"replies":[{"embeddable":true,"href":"https:\/\/www.europesays.com\/fr\/wp-json\/wp\/v2\/comments?post=371845"}],"version-history":[{"count":0,"href":"https:\/\/www.europesays.com\/fr\/wp-json\/wp\/v2\/posts\/371845\/revisions"}],"wp:featuredmedia":[{"embeddable":true,"href":"https:\/\/www.europesays.com\/fr\/wp-json\/wp\/v2\/media\/371846"}],"wp:attachment":[{"href":"https:\/\/www.europesays.com\/fr\/wp-json\/wp\/v2\/media?parent=371845"}],"wp:term":[{"taxonomy":"category","embeddable":true,"href":"https:\/\/www.europesays.com\/fr\/wp-json\/wp\/v2\/categories?post=371845"},{"taxonomy":"post_tag","embeddable":true,"href":"https:\/\/www.europesays.com\/fr\/wp-json\/wp\/v2\/tags?post=371845"}],"curies":[{"name":"wp","href":"https:\/\/api.w.org\/{rel}","templated":true}]}}