{"id":371849,"date":"2025-09-07T00:48:11","date_gmt":"2025-09-07T00:48:11","guid":{"rendered":"https:\/\/www.europesays.com\/fr\/371849\/"},"modified":"2025-09-07T00:48:11","modified_gmt":"2025-09-07T00:48:11","slug":"le-patron-de-stellantis-jeep-peugeot-fiat-critique-a-son-tour-la-fin-des-ventes-de-voitures-thermiques-en-2035-actualites","status":"publish","type":"post","link":"https:\/\/www.europesays.com\/fr\/371849\/","title":{"rendered":"Le patron de Stellantis (Jeep, Peugeot, Fiat) critique \u00e0 son tour la fin des ventes de voitures thermiques en 2035 : Actualit\u00e9s"},"content":{"rendered":"<p class=\"lead \">Apr\u00e8s BMW et Mercedes-Benz, Stellantis: le nouveau patron du quatri\u00e8me constructeur automobile mondial, l&rsquo;Italien Antonio Filosa, a lui aussi remis en cause l&rsquo;interdiction des ventes de v\u00e9hicules thermiques en 2035 dans l&rsquo;Union europ\u00e9enne, un objectif \u00ab\u00a0pas r\u00e9aliste\u00a0\u00bb sans l&rsquo;introduction de \u00ab\u00a0flexibilit\u00e9s\u00a0\u00bb pour les constructeurs affect\u00e9s par la crise.<\/p>\n<p class=\"lead \">\u00ab\u00a0Les objectifs de baisse de 55% des \u00e9missions (de gaz \u00e0 effet de serre) d&rsquo;ici 2030 et d&rsquo;interdiction des ventes de voitures thermiques en 2035 (dans l&rsquo;Union europ\u00e9enne) ne sont pas r\u00e9alistes tels que d\u00e9finis\u00a0\u00bb, a d\u00e9clar\u00e9 dans une interview aux Echos samedi le nouveau directeur g\u00e9n\u00e9ral de Stellantis.<\/p>\n<p class=\"lead \">\u00ab\u00a0Il faut introduire des flexibilit\u00e9s qui contribueront \u00e0 la fois \u00e0 la d\u00e9carbonation et au maintien de l&rsquo;activit\u00e9 industrielle\u00a0\u00bb, a ajout\u00e9 le successeur de Carlos Tavares \u00e0 la t\u00eate du 4e constructeur automobile mondial (Jeep, Peugeot et Fiat).<\/p>\n<p class=\"lead \">L&rsquo;interdiction \u00e0 partir de 2035 de la vente de voitures neuves \u00e0 essence ou diesel, hybrides comprises, dans l&rsquo;UE, embl\u00e8me des ambitieuses mesures du Pacte vert europ\u00e9en (Green Deal), a \u00e9t\u00e9 act\u00e9e par la Commission europ\u00e9enne en mars 2023 malgr\u00e9 les r\u00e9ticences allemandes.<\/p>\n<p class=\"lead \">Une clause \u00ab\u00a0de revoyure\u00a0\u00bb a \u00e9t\u00e9 fix\u00e9e pour 2026 afin de faire un premier \u00e9tat des lieux et \u00e9ventuellement apporter des ajustements au texte.<\/p>\n<p class=\"lead \">Cet objectif est contest\u00e9 depuis plusieurs mois par une partie des constructeurs, confront\u00e9s \u00e0 des ventes de mod\u00e8les \u00e9lectriques qui patinent, \u00e0 la concurrence chinoise grimpante, aux droits de douane am\u00e9ricains et \u00e0 la chute des b\u00e9n\u00e9fices mondiaux.<\/p>\n<p class=\"lead \">Des \u00ab\u00a0assouplissements\u00a0\u00bb peuvent \u00eatre \u00e9tudi\u00e9s mais \u00e0 condition qu&rsquo;ils ne remettent \u00ab\u00a0pas en cause\u00a0\u00bb la sortie des \u00e9nergies fossiles, avait indiqu\u00e9 en juin le minist\u00e8re fran\u00e7ais de l&rsquo;Industrie.<\/p>\n<p class=\"lead \">&#8211; Pression de l&rsquo;industrie &#8211;<\/p>\n<p class=\"lead \">Le constructeur allemand de voitures premium BMW a propos\u00e9 vendredi de repousser \u00e0 2050 l&rsquo;interdiction. La semaine pr\u00e9c\u00e9dente Ola K\u00e4llenius, patron de Mercedes-Benz et pr\u00e9sident de l&rsquo;association des constructeurs europ\u00e9ens (ACEA), avait qualifi\u00e9 l&rsquo;objectif de 2035 d'\u00a0\u00bbinatteignable\u00a0\u00bb.<\/p>\n<p class=\"lead \">Sous la pression de l&rsquo;industrie, la Commission europ\u00e9enne a d\u00e9j\u00e0 assoupli en mars les objectifs de r\u00e9duction d&rsquo;\u00e9missions de CO2 \u00e0 moyen terme et sa pr\u00e9sidente Ursula von der Leyen doit ouvrir la semaine prochaine un \u00ab\u00a0dialogue strat\u00e9gique\u00a0\u00bb avec les constructeurs automobiles, peu apr\u00e8s le d\u00e9but du salon de l&rsquo;automobile de Munich (IAA), rendez-vous incontournable pour le secteur.<\/p>\n<p class=\"lead \">\u00ab\u00a0Il faut maintenant passer du dialogue strat\u00e9gique \u00e0 l&rsquo;action strat\u00e9gique. Et vite. Il ne faut pas sous-estimer le d\u00e9clin rapide de l&rsquo;industrie automobile europ\u00e9enne\u00a0\u00bb, a ajout\u00e9 Antonio Filosa.<\/p>\n<p class=\"lead \">Interrog\u00e9 sur la remise en question de l&rsquo;\u00e9ch\u00e9ance 2035, il a r\u00e9affirm\u00e9 le besoin de \u00ab\u00a0leviers de flexibilit\u00e9\u00a0\u00bb pour \u00ab\u00a0enrayer le cercle vicieux qui entra\u00eene la baisse des ventes et retarde le renouvellement d&rsquo;un parc automobile vieillissant\u00a0\u00bb.<\/p>\n<p class=\"lead \">Il propose des mesures de \u00ab\u00a0verdissement du parc type prime \u00e0 la casse ou \u00e0 la reconversion pour des v\u00e9hicules plus r\u00e9cents\u00a0\u00bb, des \u00ab\u00a0supercr\u00e9dits CO2\u00a0\u00bb pour les ventes de petites voitures \u00e9lectriques ou encore une meilleure valorisation des v\u00e9hicules hybrides.<\/p>\n<p class=\"lead \">Ces mesures visent \u00e0 \u00ab\u00a0redynamiser le march\u00e9\u00a0\u00bb pour \u00ab\u00a0r\u00e9duire les co\u00fbts de production\u00a0\u00bb et \u00ab\u00a0rendre les voitures plus abordables\u00a0\u00bb. <\/p>\n<p class=\"lead \">&#8211; Priorit\u00e9s aux utilitaires \u00e9lectriques &#8211;<\/p>\n<p class=\"lead \">Comme l&rsquo;avait fait d\u00e9but juillet Jean-Philippe Imparato, qui dirige la branche europ\u00e9enne de Stellantis, Antonio Filosa a r\u00e9affirm\u00e9 que \u00ab\u00a0les d\u00e9cisions les plus urgentes \u00e0 prendre \u00e0 Bruxelles concernent la trajectoire de d\u00e9carbonation des v\u00e9hicules utilitaires l\u00e9gers\u00a0\u00bb, un march\u00e9 \u00ab\u00a0en souffrance\u00a0\u00bb car la demande des professionnels n&rsquo;est pas au rendez-vous face aux co\u00fbts \u00e9lev\u00e9s. <\/p>\n<p class=\"lead \">Cela \u00ab\u00a0met en danger\u00a0\u00bb des dizaines de milliers d&#8217;emplois et il faut \u00ab\u00a0\u00e9tendre de trois \u00e0 cinq ans les objectifs de r\u00e9duction des \u00e9missions de CO2\u00a0\u00bb pour ce segment, estime-t-il.<\/p>\n<p class=\"lead \">S&rsquo;il rappelle que cet axe est strat\u00e9gique notamment pour la France, \u00ab\u00a0car l&rsquo;une de nos plus grandes usines d&rsquo;utilitaires est dans le Nord, \u00e0 Hordain\u00a0\u00bb, il affirme, interrog\u00e9 sur de potentielles fermetures d&rsquo;usines, qu&rsquo;il est \u00ab\u00a0impossible de se prononcer \u00e0 ce stade, nous devons d&rsquo;abord voir comment \u00e9volueront les \u00e9changes sur la r\u00e9glementation europ\u00e9enne\u00a0\u00bb. <\/p>\n<p class=\"lead \">Dans un march\u00e9 automobile mondial qui \u00ab\u00a0se r\u00e9gionalise\u00a0\u00bb sous la \u00ab\u00a0double pression des droits de douane et des r\u00e9glementations\u00a0\u00bb, poursuit M. Filosa, \u00ab\u00a0l&rsquo;Europe a choisi la voie de l&rsquo;\u00e9lectrification compl\u00e8te, orientation que nous soutenons et sur laquelle nous avons fortement investi, mais dont nous questionnons aujourd&rsquo;hui le rythme et la rigidit\u00e9 vu les r\u00e9alit\u00e9s du march\u00e9\u00a0\u00bb.<\/p>\n<p class=\"small font-weight-bold text-gray3 \"> publi\u00e9 le 6 septembre \u00e0 22h53, AFP<\/p>\n<p>                             Partager<\/p>\n","protected":false},"excerpt":{"rendered":"Apr\u00e8s BMW et Mercedes-Benz, Stellantis: le nouveau patron du quatri\u00e8me constructeur automobile mondial, l&rsquo;Italien Antonio Filosa, a lui&hellip;\n","protected":false},"author":2,"featured_media":371850,"comment_status":"","ping_status":"","sticky":false,"template":"","format":"standard","meta":{"footnotes":""},"categories":[6],"tags":[21335,14427,646,35,1129,33,34,1011,27,693,1778],"class_list":{"0":"post-371849","1":"post","2":"type-post","3":"status-publish","4":"format-standard","5":"has-post-thumbnail","7":"category-economie","8":"tag-lectricit","9":"tag-nergie","10":"tag-automobile","11":"tag-business","12":"tag-climat","13":"tag-economie","14":"tag-economy","15":"tag-fr","16":"tag-france","17":"tag-industrie","18":"tag-ue"},"share_on_mastodon":{"url":"https:\/\/pubeurope.com\/@fr\/115160265809652003","error":""},"_links":{"self":[{"href":"https:\/\/www.europesays.com\/fr\/wp-json\/wp\/v2\/posts\/371849","targetHints":{"allow":["GET"]}}],"collection":[{"href":"https:\/\/www.europesays.com\/fr\/wp-json\/wp\/v2\/posts"}],"about":[{"href":"https:\/\/www.europesays.com\/fr\/wp-json\/wp\/v2\/types\/post"}],"author":[{"embeddable":true,"href":"https:\/\/www.europesays.com\/fr\/wp-json\/wp\/v2\/users\/2"}],"replies":[{"embeddable":true,"href":"https:\/\/www.europesays.com\/fr\/wp-json\/wp\/v2\/comments?post=371849"}],"version-history":[{"count":0,"href":"https:\/\/www.europesays.com\/fr\/wp-json\/wp\/v2\/posts\/371849\/revisions"}],"wp:featuredmedia":[{"embeddable":true,"href":"https:\/\/www.europesays.com\/fr\/wp-json\/wp\/v2\/media\/371850"}],"wp:attachment":[{"href":"https:\/\/www.europesays.com\/fr\/wp-json\/wp\/v2\/media?parent=371849"}],"wp:term":[{"taxonomy":"category","embeddable":true,"href":"https:\/\/www.europesays.com\/fr\/wp-json\/wp\/v2\/categories?post=371849"},{"taxonomy":"post_tag","embeddable":true,"href":"https:\/\/www.europesays.com\/fr\/wp-json\/wp\/v2\/tags?post=371849"}],"curies":[{"name":"wp","href":"https:\/\/api.w.org\/{rel}","templated":true}]}}