{"id":371852,"date":"2025-09-07T00:50:09","date_gmt":"2025-09-07T00:50:09","guid":{"rendered":"https:\/\/www.europesays.com\/fr\/371852\/"},"modified":"2025-09-07T00:50:09","modified_gmt":"2025-09-07T00:50:09","slug":"un-mort-et-trois-blesses-en-urgence-absolue-apres-quune-voiture-a-percute-des-pietons","status":"publish","type":"post","link":"https:\/\/www.europesays.com\/fr\/371852\/","title":{"rendered":"un mort et trois bless\u00e9s \u00ab\u00a0en urgence absolue\u00a0\u00bb apr\u00e8s qu\u2019une voiture a percut\u00e9 des pi\u00e9tons"},"content":{"rendered":"\n<p class=\"article__paragraph  \">Une personne est morte, samedi 6\u00a0septembre, et trois autres ont \u00e9t\u00e9 gri\u00e8vement bless\u00e9es, apr\u00e8s qu\u2019une voiture a percut\u00e9 accidentellement des pi\u00e9tons \u00e0 Pirou, commune baln\u00e9aire de la Manche.<\/p>\n<p class=\"article__paragraph  \">\u00ab\u00a0Des premiers \u00e9l\u00e9ments recueillis, il semblerait que le conducteur du v\u00e9hicule \u00e0 bo\u00eete automatique ait fait un malaise. Le v\u00e9hicule a poursuivi la route sur plusieurs m\u00e8tres avant de percuter un groupe de personnes. Une femme est d\u00e9c\u00e9d\u00e9e, trois autres personnes sont en urgence absolue\u00a0\u00bb, a d\u00e9clar\u00e9 le procureur de Coutances, Gauthier Poupeau. \u00ab\u00a0La th\u00e8se volontaire est formellement exclue\u00a0\u00bb, a-t-il soulign\u00e9.<\/p>\n<p class=\"article__paragraph  \">Le conducteur, \u00e2g\u00e9 de 81\u00a0ans, n\u2019est que l\u00e9g\u00e8rement bless\u00e9, a pr\u00e9cis\u00e9 \u00e0 l\u2019Agence France-Presse (AFP) une source proche du dossier. Les quatre pi\u00e9tons victimes sont \u00e2g\u00e9s de 48 \u00e0 77\u00a0ans. Le pronostic vital est engag\u00e9 pour deux des trois bless\u00e9s, a-t-on pr\u00e9cis\u00e9 de m\u00eame source.<\/p>\n<p>                                       Lire aussi |  Article r\u00e9serv\u00e9 \u00e0 nos abonn\u00e9s  <a href=\"https:\/\/www.lemonde.fr\/societe\/article\/2024\/02\/27\/permis-de-conduire-les-raisons-medicales-qui-poussent-a-instaurer-une-visite-tous-les-quinze-ans_6218736_3224.html\" class=\"js-article-read-also catcher--favoris__link\" data-premium=\"1\" id=\"article-title-3361393\" rel=\"nofollow noopener\" target=\"_blank\">Permis de conduire\u00a0: les raisons m\u00e9dicales qui poussent \u00e0 instaurer une visite tous les quinze\u00a0ans<\/a>    <\/p>\n<p>   Lire plus tard  <\/p>\n<p class=\"article__paragraph  \">D\u2019apr\u00e8s Ouest-France, le v\u00e9hicule a percut\u00e9 dans sa course la terrasse d\u2019une pizzeria proche du front de mer de Pirou. Selon les images d\u2019une webcam filmant la plage, la voiture a termin\u00e9 couch\u00e9e sur le flanc, sur la route longeant la plage.<\/p>\n<p class=\"article__paragraph  \">Les pompiers, arriv\u00e9s sur place peu apr\u00e8s 17\u00a0heures, ont pris en charge six victimes au total, quatre pi\u00e9tons et les deux occupants de la voiture, a de son c\u00f4t\u00e9 pr\u00e9cis\u00e9 la pr\u00e9fecture de la Manche. Les secours ont mobilis\u00e9 plus d\u2019une trentaine de sapeurs-pompiers, des \u00e9quipes du SMUR et trois h\u00e9licopt\u00e8res.<\/p>\n<p>                                       Lire l\u2019\u00e9ditorial |  <a href=\"https:\/\/www.lemonde.fr\/idees\/article\/2024\/02\/28\/pour-la-fin-du-permis-de-conduire-a-vie_6218998_3232.html\" class=\"js-article-read-also catcher--favoris__link\" data-premium=\"\" id=\"article-title-3361938\" rel=\"nofollow noopener\" target=\"_blank\">Pour la fin du permis de conduire\u00a0\u00e0 vie<\/a>    <\/p>\n<p>   Lire plus tard  <\/p>\n<p class=\"author__detail\">  Le Monde avec AFP  <\/p>\n<p>                  <a href=\"https:\/\/www.lemonde.fr\/syndication\/\" class=\"reuse__content\" title=\"R\u00e9utiliser ce contenu\" target=\"_blank\" rel=\"nofollow noopener\">R\u00e9utiliser ce contenu<\/a>      <\/p>\n","protected":false},"excerpt":{"rendered":"Une personne est morte, samedi 6\u00a0septembre, et trois autres ont \u00e9t\u00e9 gri\u00e8vement bless\u00e9es, apr\u00e8s qu\u2019une voiture a percut\u00e9&hellip;\n","protected":false},"author":2,"featured_media":72231,"comment_status":"","ping_status":"","sticky":false,"template":"","format":"standard","meta":{"footnotes":""},"categories":[4],"tags":[11,1011,27,12,25],"class_list":{"0":"post-371852","1":"post","2":"type-post","3":"status-publish","4":"format-standard","5":"has-post-thumbnail","7":"category-france","8":"tag-actualites","9":"tag-fr","10":"tag-france","11":"tag-news","12":"tag-republique-francaise"},"share_on_mastodon":{"url":"https:\/\/pubeurope.com\/@fr\/115160273682698724","error":""},"_links":{"self":[{"href":"https:\/\/www.europesays.com\/fr\/wp-json\/wp\/v2\/posts\/371852","targetHints":{"allow":["GET"]}}],"collection":[{"href":"https:\/\/www.europesays.com\/fr\/wp-json\/wp\/v2\/posts"}],"about":[{"href":"https:\/\/www.europesays.com\/fr\/wp-json\/wp\/v2\/types\/post"}],"author":[{"embeddable":true,"href":"https:\/\/www.europesays.com\/fr\/wp-json\/wp\/v2\/users\/2"}],"replies":[{"embeddable":true,"href":"https:\/\/www.europesays.com\/fr\/wp-json\/wp\/v2\/comments?post=371852"}],"version-history":[{"count":0,"href":"https:\/\/www.europesays.com\/fr\/wp-json\/wp\/v2\/posts\/371852\/revisions"}],"wp:featuredmedia":[{"embeddable":true,"href":"https:\/\/www.europesays.com\/fr\/wp-json\/wp\/v2\/media\/72231"}],"wp:attachment":[{"href":"https:\/\/www.europesays.com\/fr\/wp-json\/wp\/v2\/media?parent=371852"}],"wp:term":[{"taxonomy":"category","embeddable":true,"href":"https:\/\/www.europesays.com\/fr\/wp-json\/wp\/v2\/categories?post=371852"},{"taxonomy":"post_tag","embeddable":true,"href":"https:\/\/www.europesays.com\/fr\/wp-json\/wp\/v2\/tags?post=371852"}],"curies":[{"name":"wp","href":"https:\/\/api.w.org\/{rel}","templated":true}]}}