{"id":371853,"date":"2025-09-07T00:51:12","date_gmt":"2025-09-07T00:51:12","guid":{"rendered":"https:\/\/www.europesays.com\/fr\/371853\/"},"modified":"2025-09-07T00:51:12","modified_gmt":"2025-09-07T00:51:12","slug":"top-14-posolo-tuilagi-passera-des-examens-complementaires-inquietude-pour-jake-mcintyre-les-dernieres-informations-de-linfirmerie-de-lusap","status":"publish","type":"post","link":"https:\/\/www.europesays.com\/fr\/371853\/","title":{"rendered":"Top 14\u00a0: Posolo Tuilagi passera des examens compl\u00e9mentaires, inqui\u00e9tude pour Jake McIntyre\u2026 Les derni\u00e8res informations de l\u2019infirmerie de l\u2019USAP"},"content":{"rendered":"<p>\n                                                                Posolo Tuilagi et Jake McIntyre ont rejoint l&rsquo;infirmerie de l&rsquo;USAP ce samedi.\n                            <\/p>\n<p>La journ\u00e9e avait d\u00e9j\u00e0 mal commenc\u00e9e avec le forfait de Posolo Tuilagi dans la matin\u00e9e. Le num\u00e9ro\u00a05, qui devait d\u00e9marrer la rencontre contre Bayonne, a ressenti une douleur \u00e0 la jambe \u00e0 la mise en place vendredi.<\/p>\n<p>La d\u00e9cision a rapidement \u00e9t\u00e9 prise de ne pas l\u2019aligner, puisque le colosse souffre d\u2019une \u00ab\u00a0fracture de fatigue\u00a0\u00bb \u00e0 la jambe droite, pas celle dont il a \u00e9t\u00e9 victime d\u2019une fracture du tibia p\u00e9ron\u00e9 l\u2019ann\u00e9e derni\u00e8re. Pour l\u2019heure, il est compliqu\u00e9 d\u2019\u00e9valuer sa dur\u00e9e d\u2019indisponibilit\u00e9, mais elle pourrait \u00eatre de plusieurs semaines. Premier coup dur.<\/p>\n<p>D\u2019autant plus que, dans la rencontre, l\u2019USAP a peut-\u00eatre perdu un autre cadre pour quelque temps. \u00c0 la 25e minute, en voulant plaquer Tom Spring, Jake McIntyre s\u2019est s\u00e9rieusement bless\u00e9 au genou droit. Sur les images, tout ressemble \u00e0 une potentielle rupture des ligaments crois\u00e9s, d\u2019autant plus que les m\u00e9decins ont de suite r\u00e9alis\u00e9 le\u00a0fameux test du tiroir. L\u2019ouvreur australien r\u00e9alisera des examens compl\u00e9mentaires en d\u00e9but de semaine pour conna\u00eetre la nature exacte de sa blessure.<\/p>\n<p>Un match, d\u00e9j\u00e0 de gros bless\u00e9s pour l\u2019USAP, qui s\u2019est inclin\u00e9e contre Bayonne ce samedi apr\u00e8s-midi pour l\u2019ouverture du championnat \u00e0 Aim\u00e9-Giral (19-26).<\/p>\n","protected":false},"excerpt":{"rendered":"Posolo Tuilagi et Jake McIntyre ont rejoint l&rsquo;infirmerie de l&rsquo;USAP ce samedi. La journ\u00e9e avait d\u00e9j\u00e0 mal commenc\u00e9e&hellip;\n","protected":false},"author":2,"featured_media":371854,"comment_status":"","ping_status":"","sticky":false,"template":"","format":"standard","meta":{"footnotes":""},"categories":[2],"tags":[11,1011,27,12],"class_list":{"0":"post-371853","1":"post","2":"type-post","3":"status-publish","4":"format-standard","5":"has-post-thumbnail","7":"category-actualites","8":"tag-actualites","9":"tag-fr","10":"tag-france","11":"tag-news"},"share_on_mastodon":{"url":"https:\/\/pubeurope.com\/@fr\/115160277544747727","error":""},"_links":{"self":[{"href":"https:\/\/www.europesays.com\/fr\/wp-json\/wp\/v2\/posts\/371853","targetHints":{"allow":["GET"]}}],"collection":[{"href":"https:\/\/www.europesays.com\/fr\/wp-json\/wp\/v2\/posts"}],"about":[{"href":"https:\/\/www.europesays.com\/fr\/wp-json\/wp\/v2\/types\/post"}],"author":[{"embeddable":true,"href":"https:\/\/www.europesays.com\/fr\/wp-json\/wp\/v2\/users\/2"}],"replies":[{"embeddable":true,"href":"https:\/\/www.europesays.com\/fr\/wp-json\/wp\/v2\/comments?post=371853"}],"version-history":[{"count":0,"href":"https:\/\/www.europesays.com\/fr\/wp-json\/wp\/v2\/posts\/371853\/revisions"}],"wp:featuredmedia":[{"embeddable":true,"href":"https:\/\/www.europesays.com\/fr\/wp-json\/wp\/v2\/media\/371854"}],"wp:attachment":[{"href":"https:\/\/www.europesays.com\/fr\/wp-json\/wp\/v2\/media?parent=371853"}],"wp:term":[{"taxonomy":"category","embeddable":true,"href":"https:\/\/www.europesays.com\/fr\/wp-json\/wp\/v2\/categories?post=371853"},{"taxonomy":"post_tag","embeddable":true,"href":"https:\/\/www.europesays.com\/fr\/wp-json\/wp\/v2\/tags?post=371853"}],"curies":[{"name":"wp","href":"https:\/\/api.w.org\/{rel}","templated":true}]}}