{"id":371855,"date":"2025-09-07T00:52:34","date_gmt":"2025-09-07T00:52:34","guid":{"rendered":"https:\/\/www.europesays.com\/fr\/371855\/"},"modified":"2025-09-07T00:52:34","modified_gmt":"2025-09-07T00:52:34","slug":"haute-loire-un-stephanois-interpelle-pour-port-darme-prohibee-et-detention-de-stupefiants","status":"publish","type":"post","link":"https:\/\/www.europesays.com\/fr\/371855\/","title":{"rendered":"Haute-Loire. Un St\u00e9phanois interpell\u00e9 pour port d\u2019arme prohib\u00e9e et d\u00e9tention de stup\u00e9fiants"},"content":{"rendered":"<p>Le 2\u00a0septembre vers 23\u00a0h\u00a045, les forces de l\u2019ordre ont \u00e9t\u00e9 averties qu\u2019un homme visiblement alcoolis\u00e9 invectivait des passants aux abords de la gare du Puy-en-Velay.<\/p>\n<p>Lorsqu\u2019elles sont arriv\u00e9es, le mis en cause, n\u00e9 en 1992 et r\u00e9sidant \u00e0 Saint-\u00c9tienne, tentait de r\u00e9server une chambre dans l\u2019h\u00f4tel voisin. Il a \u00e9t\u00e9 interpell\u00e9 pour ivresse manifeste et trouble \u00e0 l\u2019ordre public et les agents ont proc\u00e9d\u00e9 \u00e0 sa fouille.<\/p>\n<p>Ont \u00e9t\u00e9 d\u00e9couverts seize\u00a0barrettes de r\u00e9sine de cannabis ainsi qu\u2019un couteau dont la lame mesurait 20 centim\u00e8tres.<\/p>\n<p>  Le mis en cause avait d\u00e9j\u00e0 \u00e9t\u00e9 arr\u00eat\u00e9 pour d\u00e9tention de stup\u00e9fiants<\/p>\n<p>Le trentenaire a imm\u00e9diatement \u00e9t\u00e9 plac\u00e9 en garde \u00e0 vue.<\/p>\n<p>Lors de son audition, il a expliqu\u00e9 s\u2019\u00eatre endormi dans le train entre Saint-\u00c9tienne et Le Puy-en-Velay, alors qu\u2019il devait descendre \u00e0 la Ricamarie. Au vu de l\u2019heure tardive, il ne pouvait plus rentrer dans la r\u00e9gion st\u00e9phanoise, c\u2019est pourquoi il voulait r\u00e9server une chambre d\u2019h\u00f4tel.<\/p>\n<p>Il a reconnu avoir consomm\u00e9 de l\u2019alcool, plus pr\u00e9cis\u00e9ment du rhum, et a affirm\u00e9 que le cannabis qu\u2019il transportait \u00e9tait pour sa consommation personnelle. Il avait d\u00e9j\u00e0 \u00e9t\u00e9 arr\u00eat\u00e9 \u00e0 Saint-\u00c9tienne quelque temps plus t\u00f4t pour d\u00e9tention de stup\u00e9fiants, faits pour lesquels il sera jug\u00e9 en novembre.<\/p>\n<p>L\u2019individu a pu sortir de garde \u00e0 vue jeudi dans la matin\u00e9e, et a re\u00e7u une convocation pour r\u00e9pondre aux d\u00e9lits de port d\u2019arme prohib\u00e9e et d\u00e9tention en r\u00e9cidive de stup\u00e9fiants le 3\u00a0novembre prochain.<\/p>\n","protected":false},"excerpt":{"rendered":"Le 2\u00a0septembre vers 23\u00a0h\u00a045, les forces de l\u2019ordre ont \u00e9t\u00e9 averties qu\u2019un homme visiblement alcoolis\u00e9 invectivait des passants&hellip;\n","protected":false},"author":2,"featured_media":371856,"comment_status":"","ping_status":"","sticky":false,"template":"","format":"standard","meta":{"footnotes":""},"categories":[9653],"tags":[1111,11,2430,271,272,10446,1777,674,274,107,1011,27,4002,10444,10445,3367,12,25,4001],"class_list":{"0":"post-371855","1":"post","2":"type-post","3":"status-publish","4":"format-standard","5":"has-post-thumbnail","7":"category-saint-etienne","8":"tag-actu","9":"tag-actualites","10":"tag-auvergne-rhone-alpes","11":"tag-crime","12":"tag-delit-et-contravention","13":"tag-edition-haute-loire","14":"tag-eu","15":"tag-europe","16":"tag-faits-divers-justice","17":"tag-fil-info","18":"tag-fr","19":"tag-france","20":"tag-haute-loire","21":"tag-le-puy-en-velay","22":"tag-le-puy-en-velay-ville","23":"tag-loire","24":"tag-news","25":"tag-republique-francaise","26":"tag-saint-etienne"},"share_on_mastodon":{"url":"https:\/\/pubeurope.com\/@fr\/115160281593851870","error":""},"_links":{"self":[{"href":"https:\/\/www.europesays.com\/fr\/wp-json\/wp\/v2\/posts\/371855","targetHints":{"allow":["GET"]}}],"collection":[{"href":"https:\/\/www.europesays.com\/fr\/wp-json\/wp\/v2\/posts"}],"about":[{"href":"https:\/\/www.europesays.com\/fr\/wp-json\/wp\/v2\/types\/post"}],"author":[{"embeddable":true,"href":"https:\/\/www.europesays.com\/fr\/wp-json\/wp\/v2\/users\/2"}],"replies":[{"embeddable":true,"href":"https:\/\/www.europesays.com\/fr\/wp-json\/wp\/v2\/comments?post=371855"}],"version-history":[{"count":0,"href":"https:\/\/www.europesays.com\/fr\/wp-json\/wp\/v2\/posts\/371855\/revisions"}],"wp:featuredmedia":[{"embeddable":true,"href":"https:\/\/www.europesays.com\/fr\/wp-json\/wp\/v2\/media\/371856"}],"wp:attachment":[{"href":"https:\/\/www.europesays.com\/fr\/wp-json\/wp\/v2\/media?parent=371855"}],"wp:term":[{"taxonomy":"category","embeddable":true,"href":"https:\/\/www.europesays.com\/fr\/wp-json\/wp\/v2\/categories?post=371855"},{"taxonomy":"post_tag","embeddable":true,"href":"https:\/\/www.europesays.com\/fr\/wp-json\/wp\/v2\/tags?post=371855"}],"curies":[{"name":"wp","href":"https:\/\/api.w.org\/{rel}","templated":true}]}}