{"id":371863,"date":"2025-09-07T00:58:40","date_gmt":"2025-09-07T00:58:40","guid":{"rendered":"https:\/\/www.europesays.com\/fr\/371863\/"},"modified":"2025-09-07T00:58:40","modified_gmt":"2025-09-07T00:58:40","slug":"journee-retro-vintage-a-la-valette-07-09-2025-la-valette-du-var","status":"publish","type":"post","link":"https:\/\/www.europesays.com\/fr\/371863\/","title":{"rendered":"Journ\u00e9e Retro Vintage \u00e0 La Valette &#8211; 07\/09\/2025 &#8211; La Valette-du-Var"},"content":{"rendered":"\n<p style=\"text-align: left;\">Au programme :<\/p>\n<p>&#13;<\/p>\n<p style=\"text-align: left;\">\u00a0Nombreux stands<br \/>\u00a0V\u00e9hicules mythiques et trikes<br \/>\u00a0Shows musicaux<br \/>\u00a0Concours de costumes<br \/>\u00a0\u00c9lection de Miss Pin-Up 2025 &amp; ses dauphines<br \/>\u00a0Restauration<br \/>\u00a0Animations et surprises tout au long de la journ\u00e9e<\/p>\n<p>&#13;<\/p>\n<p style=\"text-align: left;\">Une ambiance 100% r\u00e9tro en plein c\u0153ur de la ville pour petits et grands, passionn\u00e9s ou curieux. Infos \/ Inscriptions : 06 67 11 07 79 \u2013 \u00a0usday.lavalette83@gmail.com<\/p>\n<p>&#13;<\/p>\n<p style=\"text-align: left;\">=<\/p>\n","protected":false},"excerpt":{"rendered":"Au programme : &#13; \u00a0Nombreux stands\u00a0V\u00e9hicules mythiques et trikes\u00a0Shows musicaux\u00a0Concours de costumes\u00a0\u00c9lection de Miss Pin-Up 2025 &amp; ses&hellip;\n","protected":false},"author":2,"featured_media":371864,"comment_status":"","ping_status":"","sticky":false,"template":"","format":"standard","meta":{"footnotes":""},"categories":[9619],"tags":[1111,11,1777,674,1011,27,12,882,25,2310],"class_list":{"0":"post-371863","1":"post","2":"type-post","3":"status-publish","4":"format-standard","5":"has-post-thumbnail","7":"category-toulon","8":"tag-actu","9":"tag-actualites","10":"tag-eu","11":"tag-europe","12":"tag-fr","13":"tag-france","14":"tag-news","15":"tag-provence-alpes-cote-dazur","16":"tag-republique-francaise","17":"tag-toulon"},"share_on_mastodon":{"url":"https:\/\/pubeurope.com\/@fr\/115160305125053186","error":""},"_links":{"self":[{"href":"https:\/\/www.europesays.com\/fr\/wp-json\/wp\/v2\/posts\/371863","targetHints":{"allow":["GET"]}}],"collection":[{"href":"https:\/\/www.europesays.com\/fr\/wp-json\/wp\/v2\/posts"}],"about":[{"href":"https:\/\/www.europesays.com\/fr\/wp-json\/wp\/v2\/types\/post"}],"author":[{"embeddable":true,"href":"https:\/\/www.europesays.com\/fr\/wp-json\/wp\/v2\/users\/2"}],"replies":[{"embeddable":true,"href":"https:\/\/www.europesays.com\/fr\/wp-json\/wp\/v2\/comments?post=371863"}],"version-history":[{"count":0,"href":"https:\/\/www.europesays.com\/fr\/wp-json\/wp\/v2\/posts\/371863\/revisions"}],"wp:featuredmedia":[{"embeddable":true,"href":"https:\/\/www.europesays.com\/fr\/wp-json\/wp\/v2\/media\/371864"}],"wp:attachment":[{"href":"https:\/\/www.europesays.com\/fr\/wp-json\/wp\/v2\/media?parent=371863"}],"wp:term":[{"taxonomy":"category","embeddable":true,"href":"https:\/\/www.europesays.com\/fr\/wp-json\/wp\/v2\/categories?post=371863"},{"taxonomy":"post_tag","embeddable":true,"href":"https:\/\/www.europesays.com\/fr\/wp-json\/wp\/v2\/tags?post=371863"}],"curies":[{"name":"wp","href":"https:\/\/api.w.org\/{rel}","templated":true}]}}