{"id":371865,"date":"2025-09-07T00:59:14","date_gmt":"2025-09-07T00:59:14","guid":{"rendered":"https:\/\/www.europesays.com\/fr\/371865\/"},"modified":"2025-09-07T00:59:14","modified_gmt":"2025-09-07T00:59:14","slug":"top-14-toulon-jai-vu-beaucoup-de-bonnes-choses-mignoni-satisfait-apres-le-succes-du-rct-a-montpellier","status":"publish","type":"post","link":"https:\/\/www.europesays.com\/fr\/371865\/","title":{"rendered":"Top 14. Toulon \u2013 \u00ab\u00a0J\u2019ai vu beaucoup de bonnes choses\u00a0\u00bb\u00a0: Mignoni satisfait apr\u00e8s le succ\u00e8s du RCT \u00e0 Montpellier"},"content":{"rendered":"<p>\n                L\u2019entra\u00eeneur du RCT \u00e9taiit bien conscient de la performance de son \u00e9quipe qui a surclass\u00e9 le MHR sur sa pelouse (27-17). Il a bien rep\u00e9r\u00e9 quelques scories ici ou l\u00e0, mais il a forc\u00e9ment \u00e9t\u00e9 rassur\u00e9 par le niveau de ses hommes surtout en premi\u00e8re p\u00e9riode o\u00f9 l\u2019adversaire n\u2019a pas exist\u00e9.\n            <\/p>\n<p><strong>Quelle est votre premi\u00e8re analyse apr\u00e8s ce brillant succ\u00e8s\u00a0?<\/strong><\/p>\n<p>Je suis content de la victoire. Les gar\u00e7ons ont fait un bon match, pas un grand match, mais un bon match. On savait que ce serait dur ici apr\u00e8s ce qu\u2019avaient montr\u00e9 les Montpelli\u00e9rains en matchs de pr\u00e9paration. Ils \u00e9taient tr\u00e8s en forme. Contre eux, ce fut dur de la premi\u00e8re \u00e0 la 80e minute. Je retiens aussi qu\u2019on a r\u00e9ussi \u00e0 \u00e9chapper \u00e0 la remontada de nos adversaires, au cours d\u2019une deuxi\u00e8me mi-temps qui m\u2019a moins plus que la premi\u00e8re car on a perdu le contr\u00f4le des op\u00e9rations.<\/p>\n<p><strong>Vous vouliez voir du liant entre vos joueurs, vous avez \u00e9t\u00e9 servis, non\u00a0?<\/strong><\/p>\n<p>Au-del\u00e0 de notre r\u00e9ussite en attaque, on a montr\u00e9 beaucoup de solidarit\u00e9 en d\u00e9fense. J\u2019ai vu beaucoup de bonnes choses, dans ce secteur car on a cr\u00e9\u00e9 des ballons lents pour Montpellier. On a perturb\u00e9 le jeu qu\u2019ils voulaient mettre en place car ils ont des avants qui aiment prendre le ballon en avan\u00e7ant pour dominer les collisions. On a su les freiner sur \u00e7a. Mais, je trouve qu\u2019en attaque, on a manqu\u00e9 d\u2019efficacit\u00e9 dans la zone de marque, on a loup\u00e9 des occasions, on a perdu des ballons en touche.<\/p>\n<p><strong>Vous avez r\u00e9ussi \u00e0 contrer pas mal de mauls adverses notamment gr\u00e2ce \u00e0 David Ribbans\u2026<\/strong><\/p>\n<p>Oui David a \u00e9t\u00e9 \u00e9norme dans ce r\u00f4le, mais il n\u2019y a pas eu que lui, \u00e9videmment.<\/p>\n<p><strong>Vous avez aussi \u00e9t\u00e9 impressionnants sur des attaques en premi\u00e8re main avec deux essais de trois quarts conclus par Ga\u00ebl Dr\u00e9an et Marius Domon. C\u2019est une vraie satisfaction, non\u00a0?<\/strong><\/p>\n<p>Oui c\u2019est bien, c\u2018est positif. Je l\u2019avais dit. Nous avons d\u00e9sormais\u00a0une certaine animation offensive avec nos deux centres et cette saison on va se servir de nos points forts avec Nacho (Brex, NDLR) et Oliver (Cowie, NDLR), ils n\u2019avaient fait que deux matchs en ensemble, donc \u00e7a devrait encore s\u2019am\u00e9liorer. Dans l\u2018ensemble, collectivement, nous avons vu des choses int\u00e9ressantes, ce soir, je le reconnais.<\/p>\n<p><strong>Quid du match de Marius Domon que nous avons vu tr\u00e8s \u00e0 l\u2019aise depuis les tribunes\u00a0?<\/strong><\/p>\n<p>Il y a bien eu une ou deux scories. Mais il a fait un bon match en effet. On disait que si Melvyn Jaminet ne jouait pas on ne pourrait pas gagner\u2026 Il faut sortir de \u00e7a. Non, si on veut aller loin. Il faut que tout le monde joue et que tout le monde se donne.<\/p>\n<p><strong>Comment avez-vous g\u00e9r\u00e9 votre premi\u00e8re ligne\u00a0? Vos deux piliers plut\u00f4t dominants en premi\u00e8re p\u00e9riode sont sortis tr\u00e8s rapidement\u2026<\/strong><\/p>\n<p>Je voulais entretenir une certaine fra\u00eecheur. Ils avaient beaucoup plaqu\u00e9 en premi\u00e8re mi-temps, Jean-Baptiste Gros a fait 40 minutes de haut niveau par exemple. Mais Danny Priso est en forme. Beka Gigashvili est sorti avant de revenir car Nikolos Narmania d\u00e9couvre le top 14 en l\u2019absence de Kyle Sinckler. Il a fait vingt minutes ce soir, il les a bien faites. Peut-il faire 40 minutes\u00a0? Non.<\/p>\n<p><strong>Quid de Zach Mercer qu\u2019on attendait au tournant\u00a0?<\/strong><\/p>\n<p>Il a fait un gros match. Il n\u2019avait pas jou\u00e9 depuis neuf ou dix mois. Donc je ne l\u2019avais pas m\u00e9nag\u00e9 dans les matchs de pr\u00e9paration \u00e0 cause de \u00e7a. Il a fait 60 minutes contre l\u2019USAP et contre Clermont et 80 ce soir. Il nous apporte le lien avec les trois quarts. Par contre, je le lui ai dit qu\u2019\u00e0 Toulon, il faut un 8 qui combat, qui travaille dur et qui par moment ferraille. Et ce soir, il l\u2018a fait. \u00c7a me va.<\/p>\n<p><strong>Nous vous avons aussi trouv\u00e9s tr\u00e8s performants dans le jeu au sol. \u00cates-vous d\u2019accord\u00a0?<\/strong><\/p>\n<p>Sur la premi\u00e8re mi-temps, non. Montpellier nous a domin\u00e9s. Sur les contre rucks, ils nous ont mis beaucoup de pression. Nous n\u2019\u00e9tions pas forts l\u00e0-dessus. Ce fut mieux en deuxi\u00e8me p\u00e9riode, bizarrement. M\u00eame si on a perdu le contr\u00f4le du match. Mais ce que j\u2019ai aim\u00e9 ce sont les doubles efforts apr\u00e8s les plaquages \u00e0 deux. C\u2019est \u00e7a qui nous a beaucoup apport\u00e9 mais pour r\u00e9ussir dans ce secteur, il fallait travailler, bien circuler, \u00eatre disciplin\u00e9s, m\u00eame si on a pris un carton jaune.<\/p>\n","protected":false},"excerpt":{"rendered":"L\u2019entra\u00eeneur du RCT \u00e9taiit bien conscient de la performance de son \u00e9quipe qui a surclass\u00e9 le MHR sur&hellip;\n","protected":false},"author":2,"featured_media":371866,"comment_status":"","ping_status":"","sticky":false,"template":"","format":"standard","meta":{"footnotes":""},"categories":[9619],"tags":[1111,11,1777,674,1011,27,12,882,25,2310],"class_list":{"0":"post-371865","1":"post","2":"type-post","3":"status-publish","4":"format-standard","5":"has-post-thumbnail","7":"category-toulon","8":"tag-actu","9":"tag-actualites","10":"tag-eu","11":"tag-europe","12":"tag-fr","13":"tag-france","14":"tag-news","15":"tag-provence-alpes-cote-dazur","16":"tag-republique-francaise","17":"tag-toulon"},"share_on_mastodon":{"url":"https:\/\/pubeurope.com\/@fr\/115160309299244232","error":""},"_links":{"self":[{"href":"https:\/\/www.europesays.com\/fr\/wp-json\/wp\/v2\/posts\/371865","targetHints":{"allow":["GET"]}}],"collection":[{"href":"https:\/\/www.europesays.com\/fr\/wp-json\/wp\/v2\/posts"}],"about":[{"href":"https:\/\/www.europesays.com\/fr\/wp-json\/wp\/v2\/types\/post"}],"author":[{"embeddable":true,"href":"https:\/\/www.europesays.com\/fr\/wp-json\/wp\/v2\/users\/2"}],"replies":[{"embeddable":true,"href":"https:\/\/www.europesays.com\/fr\/wp-json\/wp\/v2\/comments?post=371865"}],"version-history":[{"count":0,"href":"https:\/\/www.europesays.com\/fr\/wp-json\/wp\/v2\/posts\/371865\/revisions"}],"wp:featuredmedia":[{"embeddable":true,"href":"https:\/\/www.europesays.com\/fr\/wp-json\/wp\/v2\/media\/371866"}],"wp:attachment":[{"href":"https:\/\/www.europesays.com\/fr\/wp-json\/wp\/v2\/media?parent=371865"}],"wp:term":[{"taxonomy":"category","embeddable":true,"href":"https:\/\/www.europesays.com\/fr\/wp-json\/wp\/v2\/categories?post=371865"},{"taxonomy":"post_tag","embeddable":true,"href":"https:\/\/www.europesays.com\/fr\/wp-json\/wp\/v2\/tags?post=371865"}],"curies":[{"name":"wp","href":"https:\/\/api.w.org\/{rel}","templated":true}]}}