{"id":371867,"date":"2025-09-07T01:00:19","date_gmt":"2025-09-07T01:00:19","guid":{"rendered":"https:\/\/www.europesays.com\/fr\/371867\/"},"modified":"2025-09-07T01:00:19","modified_gmt":"2025-09-07T01:00:19","slug":"prison-de-villeneuve-les-maguelone-matraque-gaz-lacrymo-et-drogues-saisis-le-meme-jour","status":"publish","type":"post","link":"https:\/\/www.europesays.com\/fr\/371867\/","title":{"rendered":"Prison de Villeneuve-l\u00e8s-Maguelone : matraque, gaz lacrymo et drogues saisis le m\u00eame jour\u00a0"},"content":{"rendered":"<p>Le m\u00eame jour, lors des fouilles de cellules, les surveillants ont saisi 25 grammes de coca\u00efne conditionn\u00e9s en pochons de 1 g, 25 comprim\u00e9s d\u2019une substance non identifi\u00e9e dissimul\u00e9s dans une pile factice, 12 grammes de r\u00e9sine de cannabis, une console Nintendo Switch et un iPhone. Dans une autre cellule, ils ont trouv\u00e9 une balance et 26 grammes de r\u00e9sine de cannabis r\u00e9partis en 6 sachets.\u00a0<\/p>\n","protected":false},"excerpt":{"rendered":"Le m\u00eame jour, lors des fouilles de cellules, les surveillants ont saisi 25 grammes de coca\u00efne conditionn\u00e9s en&hellip;\n","protected":false},"author":2,"featured_media":371868,"comment_status":"","ping_status":"","sticky":false,"template":"","format":"standard","meta":{"footnotes":""},"categories":[9599],"tags":[1111,11,1777,674,1011,27,2208,12,2680,25],"class_list":{"0":"post-371867","1":"post","2":"type-post","3":"status-publish","4":"format-standard","5":"has-post-thumbnail","7":"category-montpellier","8":"tag-actu","9":"tag-actualites","10":"tag-eu","11":"tag-europe","12":"tag-fr","13":"tag-france","14":"tag-montpellier","15":"tag-news","16":"tag-occitanie","17":"tag-republique-francaise"},"share_on_mastodon":{"url":"https:\/\/pubeurope.com\/@fr\/115160313178216229","error":""},"_links":{"self":[{"href":"https:\/\/www.europesays.com\/fr\/wp-json\/wp\/v2\/posts\/371867","targetHints":{"allow":["GET"]}}],"collection":[{"href":"https:\/\/www.europesays.com\/fr\/wp-json\/wp\/v2\/posts"}],"about":[{"href":"https:\/\/www.europesays.com\/fr\/wp-json\/wp\/v2\/types\/post"}],"author":[{"embeddable":true,"href":"https:\/\/www.europesays.com\/fr\/wp-json\/wp\/v2\/users\/2"}],"replies":[{"embeddable":true,"href":"https:\/\/www.europesays.com\/fr\/wp-json\/wp\/v2\/comments?post=371867"}],"version-history":[{"count":0,"href":"https:\/\/www.europesays.com\/fr\/wp-json\/wp\/v2\/posts\/371867\/revisions"}],"wp:featuredmedia":[{"embeddable":true,"href":"https:\/\/www.europesays.com\/fr\/wp-json\/wp\/v2\/media\/371868"}],"wp:attachment":[{"href":"https:\/\/www.europesays.com\/fr\/wp-json\/wp\/v2\/media?parent=371867"}],"wp:term":[{"taxonomy":"category","embeddable":true,"href":"https:\/\/www.europesays.com\/fr\/wp-json\/wp\/v2\/categories?post=371867"},{"taxonomy":"post_tag","embeddable":true,"href":"https:\/\/www.europesays.com\/fr\/wp-json\/wp\/v2\/tags?post=371867"}],"curies":[{"name":"wp","href":"https:\/\/api.w.org\/{rel}","templated":true}]}}