{"id":371871,"date":"2025-09-07T01:02:12","date_gmt":"2025-09-07T01:02:12","guid":{"rendered":"https:\/\/www.europesays.com\/fr\/371871\/"},"modified":"2025-09-07T01:02:12","modified_gmt":"2025-09-07T01:02:12","slug":"landry-djedje-comme-un-grand-a-rouen","status":"publish","type":"post","link":"https:\/\/www.europesays.com\/fr\/371871\/","title":{"rendered":"Landry Dj\u00e9dj\u00e9 comme un grand \u00e0 Rouen"},"content":{"rendered":"<p>Il n\u2019y avait pas que Micka\u00ebl Hay et Thomas Cornely, avec l\u2019Elan B\u00e9arnais, de retour au Jeu de paume ce vendredi\u00a05 et samedi 6\u00a0septembre. Sous les couleurs du <a target=\"_self\" href=\"https:\/\/www.lanouvellerepublique.fr\/blois\/ada-blois-landry-djedje-signe-a-evreux-pro-b\" rel=\"noopener\">Rouen MB<\/a>, Landry Dj\u00e9dj\u00e9, ancien espoir de l\u2019ADA Blois qui a fait quelques apparitions avec les professionnels, faisait \u00e9galement son retour en Loir-et-Cher&#8230;. <\/p>\n<p>    Cet article a \u00e9t\u00e9 tronqu\u00e9. Abonnez-vous pour lire l&rsquo;article complet sur notre site.<\/p>\n<p style=\"margin: 0 !important; padding: 0 !important; font-size: 12px !important;\">Cet article a \u00e9t\u00e9 tronqu\u00e9. Abonnez-vous pour lire l&rsquo;article complet.<\/p>\n<p>    <a href=\"https:\/\/www.lanouvellerepublique.fr\/abonnements\" style=\"display: inline-block; margin-top: 5px !important; padding: 6px 12px !important; background: #cb1c27; color: white; text-decoration: none; border-radius: 4px; font-size: 12px !important;\" target=\"_blank\" rel=\"noopener\"><br \/>\n      S&rsquo;abonner<br \/>\n    <\/a><\/p>\n","protected":false},"excerpt":{"rendered":"Il n\u2019y avait pas que Micka\u00ebl Hay et Thomas Cornely, avec l\u2019Elan B\u00e9arnais, de retour au Jeu de&hellip;\n","protected":false},"author":2,"featured_media":371872,"comment_status":"","ping_status":"","sticky":false,"template":"","format":"standard","meta":{"footnotes":""},"categories":[9587],"tags":[1111,11,10062,1465,3469,7944,1777,674,1011,27,4368,12,5161,25,9590,60],"class_list":{"0":"post-371871","1":"post","2":"type-post","3":"status-publish","4":"format-standard","5":"has-post-thumbnail","7":"category-rouen","8":"tag-actu","9":"tag-actualites","10":"tag-ada-blois-basket-41","11":"tag-basket","12":"tag-blois","13":"tag-elite-2","14":"tag-eu","15":"tag-europe","16":"tag-fr","17":"tag-france","18":"tag-loir-et-cher","19":"tag-news","20":"tag-normandie","21":"tag-republique-francaise","22":"tag-rouen","23":"tag-sports"},"share_on_mastodon":{"url":"https:\/\/pubeurope.com\/@fr\/115160321256194835","error":""},"_links":{"self":[{"href":"https:\/\/www.europesays.com\/fr\/wp-json\/wp\/v2\/posts\/371871","targetHints":{"allow":["GET"]}}],"collection":[{"href":"https:\/\/www.europesays.com\/fr\/wp-json\/wp\/v2\/posts"}],"about":[{"href":"https:\/\/www.europesays.com\/fr\/wp-json\/wp\/v2\/types\/post"}],"author":[{"embeddable":true,"href":"https:\/\/www.europesays.com\/fr\/wp-json\/wp\/v2\/users\/2"}],"replies":[{"embeddable":true,"href":"https:\/\/www.europesays.com\/fr\/wp-json\/wp\/v2\/comments?post=371871"}],"version-history":[{"count":0,"href":"https:\/\/www.europesays.com\/fr\/wp-json\/wp\/v2\/posts\/371871\/revisions"}],"wp:featuredmedia":[{"embeddable":true,"href":"https:\/\/www.europesays.com\/fr\/wp-json\/wp\/v2\/media\/371872"}],"wp:attachment":[{"href":"https:\/\/www.europesays.com\/fr\/wp-json\/wp\/v2\/media?parent=371871"}],"wp:term":[{"taxonomy":"category","embeddable":true,"href":"https:\/\/www.europesays.com\/fr\/wp-json\/wp\/v2\/categories?post=371871"},{"taxonomy":"post_tag","embeddable":true,"href":"https:\/\/www.europesays.com\/fr\/wp-json\/wp\/v2\/tags?post=371871"}],"curies":[{"name":"wp","href":"https:\/\/api.w.org\/{rel}","templated":true}]}}