{"id":371875,"date":"2025-09-07T01:05:30","date_gmt":"2025-09-07T01:05:30","guid":{"rendered":"https:\/\/www.europesays.com\/fr\/371875\/"},"modified":"2025-09-07T01:05:30","modified_gmt":"2025-09-07T01:05:30","slug":"pro-d2-fcg-retour-au-stade-des-alpes-un-adversaire-decomplexe-ce-quil-faut-savoir-avant-aurillac","status":"publish","type":"post","link":"https:\/\/www.europesays.com\/fr\/371875\/","title":{"rendered":"Pro D2. FCG : retour au Stade des Alpes, un adversaire d\u00e9complex\u00e9&#8230; ce qu\u2019il faut savoir avant Aurillac"},"content":{"rendered":"<p>  L\u2019enjeu\u00a0: l\u2019invincibilit\u00e9 au Stade des Alpes\u2026 et repasser devant Aurillac<\/p>\n<p><a title=\"rugby Pro D2 OYO - FCG r\u00e9sultat\" href=\"https:\/\/www.ledauphine.com\/sport\/2025\/08\/29\/grace-une-penalite-folle-de-romain-trouilloud-le-fc-grenoble-fait-un-sale-coup-a-oyonnax-a-la-derniere-minute\" target=\"_blank\" rel=\"noopener\">Le FC Grenoble (30-28 \u00e0 Oyonnax)<\/a> et le Stade Aurillacois (41-10 contre Carcassonne) ont commenc\u00e9 la nouvelle Pro D2 de la plus belle des mani\u00e8res. Surtout pour les Cantaliens, qui ont assorti leur victoire d\u2019un bonus offensif et qui partageaient le fauteuil de coleader avec Nevers avant cette 2e journ\u00e9e. Pour les Is\u00e9rois, \u201cseulement\u201d 6es avec 4 pts, il s\u2019agira donc de passer devant les visiteurs, \u00e0 la faveur d\u2019un nouveau succ\u00e8s.<\/p>\n<p>Et puis, le FCG retrouve son Stade des Alpes, o\u00f9 il a r\u00e9ussi la performance \u2013 devenue rare, de nos jours \u2013 de rester invaincu toute la saison derni\u00e8re \u00e0 domicile. Si l\u2019on remonte m\u00eame jusqu\u2019\u00e0 l\u2019exercice 2023-2024, en Pro D2, les Rouge et Bleu n\u2019ont plus perdu entre Is\u00e8re et Drac depuis 23 matches (hors Top 14 Access Match). Une s\u00e9rie qu\u2019ils vont t\u00e2cher de prolonger dans le temps\u2026<\/p>\n<p>  Le groupe du FCG<\/p>\n<p>Le XV de d\u00e9part\u00a0: H.\u00a0Trouilloud \u2013 Callandret, Mouton, R.\u00a0Trouilloud, Rasaku \u2013 (o) Palmier, (m) Bar. Couilloud \u2013 Guillaumond, Martel, Madeira (cap) \u2013 Javakhia, Ployet \u2013 C.\u00a0Thomas, Ruffenach, Gauthier. <\/p>\n<p>Rempla\u00e7ants\u00a0: Soury, Eglaine, Jonker, Nansen, Hardwick, Escande, Cl\u00e9ment, Lestrade.<\/p>\n<p>  L\u2019adversaire\u00a0: un Aurillac requinqu\u00e9<\/p>\n<p>Dans l\u2019esprit de beaucoup de suiveurs, Aurillac est cette \u00e9quipe qui a trembl\u00e9 tout le premier semestre 2025, <a title=\"rugby Pro D2 AM 2025 Chamb\u00e9ry - Aurillac\" href=\"https:\/\/www.ledauphine.com\/sport\/2025\/06\/01\/enorme-deception-pour-le-so-chambery-qui-a-ete-surclasse-par-aurillac\" target=\"_blank\" rel=\"noopener\">avant de sauver sa peau en Pro D2 gr\u00e2ce \u00e0 un barrage gagn\u00e9 \u00e0 Chamb\u00e9ry<\/a> (45-15). Mais, \u00e0 cheval sur deux saisons, les Cantaliens restent sur quatre victoires en matches officiels. Et ils sont anim\u00e9s par un d\u00e9sir puissant\u00a0: \u00ab\u00a0Ce qu\u2019on ne veut pas, surtout, c\u2019est revivre ce match de barrage et la peur de la descente\u00a0\u00bb, <a title=\"rugby Pro D2 FCG - Aurillac mag adversaire\" href=\"https:\/\/www.ledauphine.com\/sport\/2025\/09\/04\/on-ne-veut-pas-revivre-la-peur-de-la-descente-david-delarue-et-aurillac-sur-d-autres-bases-avant-de-croiser-le-fcg\" target=\"_blank\" rel=\"noopener\">nous a confi\u00e9 cette semaine le demi de m\u00eal\u00e9e David Delarue<\/a>.<\/p>\n<p>Balay\u00e9e, la saison 2024-2025\u00a0? Oui, \u00e0 tel point que le n\u00b09 aurillacois et son \u00e9quipe ne veulent m\u00eame plus entendre parler <a title=\"rugby Pro D2 24-25 FCG - Aurillac\" href=\"https:\/\/www.ledauphine.com\/sport\/2025\/02\/14\/fcg-onze-essais-et-des-cartons-a-la-pelle-recit-d-une-soiree-record-contre-aurillac\" target=\"_blank\" rel=\"noopener\">du douloureux revers conc\u00e9d\u00e9 en f\u00e9vrier lors de leur derni\u00e8re visite au Stade des Alpes<\/a>. \u00ab\u00a0C\u2019est s\u00fbr que prendre soixante ou soixante-dix points, \u00e7a ne fait jamais plaisir, \u00e7a fait toujours mal \u00e0 l\u2019orgueil. Apr\u00e8s, le pass\u00e9 \u00e7a reste le pass\u00e9. Il y a des contextes, des saisons et des effectifs diff\u00e9rents. Je ne pense pas que \u00e7a soit une source de motivation pour nous.\u00a0\u00bb En revanche, venir grappiller un point chez un des t\u00e9nors de la Pro D2, voil\u00e0 qui animera les Auvergnats.<\/p>\n<p>  Le joueur \u00e0 suivre\u00a0: Gerswin Mouton<\/p>\n<p>Il a termin\u00e9 la saison 2024-2025 sur deux tr\u00e8s mauvaises images (une blessure au genou en finale de Pro D2, \u00e0 Toulouse\u00a0; puis des b\u00e9quilles pour le porter une semaine plus tard au Stade des Alpes, lors du Top 14 Access Match). Mais Gerswin Mouton a tir\u00e9 un trait sur \u00e7a.<\/p>\n<p>Mieux\u00a0: lors de son retour \u00e0 la comp\u00e9tition, <a title=\"rugby Pro D2 OYO - FCG tops et flops\" href=\"https:\/\/www.ledauphine.com\/sport\/2025\/08\/30\/des-remplacants-impactants-une-melee-brinquebalante-les-tops-et-les-flops-du-fcg-a-oyonnax\" target=\"_blank\" rel=\"noopener\">le 30\u00a0ao\u00fbt \u00e0 Oyonnax, il s\u2019est montr\u00e9 \u00e9tincelant pendant 21 minutes<\/a> , en remontant des ballons, en cassant des plaquages et en inscrivant un essai en fin de partie au stade Charles-Mathon.<\/p>\n<p>Le Namibien a \u00e9t\u00e9 tellement bon qu\u2019il a convaincu ses entra\u00eeneurs de le remettre au centre, d\u00e8s le coup d\u2019envoi cette fois, avec R. Trouilloud. Voil\u00e0 qui promet des \u00e9tincelles\u00a0!<\/p>\n<p>  La d\u00e9claration<\/p>\n<p>\u00ab\u00a0Malgr\u00e9 la d\u00e9faite en finale et en Access match, j\u2019ai re\u00e7u \u00e9norm\u00e9ment de messages de soutien, qui ont \u00e9t\u00e9 tr\u00e8s forts. M\u00eame venus d\u2019autres r\u00e9gions, et j\u2019ai \u00e9norm\u00e9ment appr\u00e9ci\u00e9 \u00e7a. Pour l\u2019anecdote, j\u2019ai m\u00eame un chauffeur de taxi de Marseille, dans un embouteillage, qui m\u2019a arr\u00eat\u00e9 pour me dire qu\u2019il nous badait et qu\u2019une grosse partie de Marseille \u00e9tait derri\u00e8re notre club. Cinq jours apr\u00e8s la d\u00e9faite en Access Match, c\u2019est un truc qui m\u2019a fil\u00e9 un petit coup de boost.\u00a0\u00bb <strong>De <a href=\"https:\/\/www.ledauphine.com\/p\/patrick-pezery\" target=\"_blank\" rel=\"noopener\">Patrick Pezery<\/a>, co-entra\u00eeneur du FC Grenoble, \u00e0 propos du soutien manifest\u00e9 par les supporters et les abonn\u00e9s du FCG.<\/strong><\/p>\n<p class=\"note\">Le match Grenoble &#8211; Aurillac sera \u00e0 suivre en direct comment\u00e9 sur <a href=\"http:\/\/www.ledauphine.com\/sport\" target=\"_blank\" rel=\"noopener\">www.ledauphine.com\/sport<\/a> vendredi \u00e0 partir de 19 heures.<\/p>\n<p class=\"insetTitle\">Les confrontations directes : Grenoble au-dessus d\u2019Aurillac<\/p>\n<p>Depuis 2008, la chronique des duels entre le FCG et le Stade Aurillacois en Pro D2 fait \u00e9tat de quatorze victoires, un nul et neuf d\u00e9faites, en faveur des Is\u00e9rois. <\/p>\n<p>Les Cantaliens ne sont plus venus s\u2019imposer au pied des Alpes depuis 2009 (17-20). Pire, lors de leurs deux derni\u00e8res visites, ils ont encaiss\u00e9 la bagatelle de 130 points (55-10 en avril\u00a02024 et 75-14 en f\u00e9vrier\u00a02025)\u00a0!<\/p>\n","protected":false},"excerpt":{"rendered":"L\u2019enjeu\u00a0: l\u2019invincibilit\u00e9 au Stade des Alpes\u2026 et repasser devant Aurillac Le FC Grenoble (30-28 \u00e0 Oyonnax) et le&hellip;\n","protected":false},"author":2,"featured_media":371876,"comment_status":"","ping_status":"","sticky":false,"template":"","format":"standard","meta":{"footnotes":""},"categories":[9566],"tags":[1111,11,2430,112,113,114,1777,674,2727,1011,27,2731,2732,108,12,2308,25,479,517],"class_list":{"0":"post-371875","1":"post","2":"type-post","3":"status-publish","4":"format-standard","5":"has-post-thumbnail","7":"category-grenoble","8":"tag-actu","9":"tag-actualites","10":"tag-auvergne-rhone-alpes","11":"tag-edition-grenoble-agglomeration","12":"tag-edition-gresivaudan-oisans","13":"tag-edition-voiron-saint-marcellin","14":"tag-eu","15":"tag-europe","16":"tag-fcg-fc-grenoble-rugby","17":"tag-fr","18":"tag-france","19":"tag-grenoble","20":"tag-grenoble-bassin","21":"tag-isere","22":"tag-news","23":"tag-pro-d2","24":"tag-republique-francaise","25":"tag-rugby","26":"tag-sport"},"share_on_mastodon":{"url":"https:\/\/pubeurope.com\/@fr\/115160332540429166","error":""},"_links":{"self":[{"href":"https:\/\/www.europesays.com\/fr\/wp-json\/wp\/v2\/posts\/371875","targetHints":{"allow":["GET"]}}],"collection":[{"href":"https:\/\/www.europesays.com\/fr\/wp-json\/wp\/v2\/posts"}],"about":[{"href":"https:\/\/www.europesays.com\/fr\/wp-json\/wp\/v2\/types\/post"}],"author":[{"embeddable":true,"href":"https:\/\/www.europesays.com\/fr\/wp-json\/wp\/v2\/users\/2"}],"replies":[{"embeddable":true,"href":"https:\/\/www.europesays.com\/fr\/wp-json\/wp\/v2\/comments?post=371875"}],"version-history":[{"count":0,"href":"https:\/\/www.europesays.com\/fr\/wp-json\/wp\/v2\/posts\/371875\/revisions"}],"wp:featuredmedia":[{"embeddable":true,"href":"https:\/\/www.europesays.com\/fr\/wp-json\/wp\/v2\/media\/371876"}],"wp:attachment":[{"href":"https:\/\/www.europesays.com\/fr\/wp-json\/wp\/v2\/media?parent=371875"}],"wp:term":[{"taxonomy":"category","embeddable":true,"href":"https:\/\/www.europesays.com\/fr\/wp-json\/wp\/v2\/categories?post=371875"},{"taxonomy":"post_tag","embeddable":true,"href":"https:\/\/www.europesays.com\/fr\/wp-json\/wp\/v2\/tags?post=371875"}],"curies":[{"name":"wp","href":"https:\/\/api.w.org\/{rel}","templated":true}]}}