{"id":371877,"date":"2025-09-07T01:07:48","date_gmt":"2025-09-07T01:07:48","guid":{"rendered":"https:\/\/www.europesays.com\/fr\/371877\/"},"modified":"2025-09-07T01:07:48","modified_gmt":"2025-09-07T01:07:48","slug":"save-the-date-la-journee-des-abonnes-se-deroulera-le-dimanche-5-octobre","status":"publish","type":"post","link":"https:\/\/www.europesays.com\/fr\/371877\/","title":{"rendered":"Save the date : la journ\u00e9e des abonn\u00e9s se d\u00e9roulera le dimanche 5 octobre"},"content":{"rendered":"<p><strong>Convivialit\u00e9 et partage, en Rouge et Noir<\/strong>. Comme de coutume, le Stade Rennais F.C. rassemblera ses fid\u00e8les supporters \u00e0 l\u2019occasion de la journ\u00e9e des abonn\u00e9s. Cette ann\u00e9e, celle-ci se d\u00e9roulera le dimanche 5 octobre avec l&rsquo;opportunit\u00e9 de se retrouver au Roazhon Park. Visite du stade, tournoi de palets, confection de drapeaux, buvettes et restauration seront notamment au programme avec en point d\u2019orgue la diffusion du match face au Havre, \u00e0 17 heures 15, sur \u00e9cran g\u00e9ant.<\/p>\n<p>De nouvelles informations avec le programme d\u00e9taill\u00e9 seront disponibles prochainement.<\/p>\n","protected":false},"excerpt":{"rendered":"Convivialit\u00e9 et partage, en Rouge et Noir. Comme de coutume, le Stade Rennais F.C. rassemblera ses fid\u00e8les supporters&hellip;\n","protected":false},"author":2,"featured_media":371878,"comment_status":"","ping_status":"","sticky":false,"template":"","format":"standard","meta":{"footnotes":""},"categories":[2821],"tags":[1111,11,829,1777,674,1011,27,12,584,25],"class_list":{"0":"post-371877","1":"post","2":"type-post","3":"status-publish","4":"format-standard","5":"has-post-thumbnail","7":"category-rennes","8":"tag-actu","9":"tag-actualites","10":"tag-bretagne","11":"tag-eu","12":"tag-europe","13":"tag-fr","14":"tag-france","15":"tag-news","16":"tag-rennes","17":"tag-republique-francaise"},"share_on_mastodon":{"url":"https:\/\/pubeurope.com\/@fr\/115160344398913400","error":""},"_links":{"self":[{"href":"https:\/\/www.europesays.com\/fr\/wp-json\/wp\/v2\/posts\/371877","targetHints":{"allow":["GET"]}}],"collection":[{"href":"https:\/\/www.europesays.com\/fr\/wp-json\/wp\/v2\/posts"}],"about":[{"href":"https:\/\/www.europesays.com\/fr\/wp-json\/wp\/v2\/types\/post"}],"author":[{"embeddable":true,"href":"https:\/\/www.europesays.com\/fr\/wp-json\/wp\/v2\/users\/2"}],"replies":[{"embeddable":true,"href":"https:\/\/www.europesays.com\/fr\/wp-json\/wp\/v2\/comments?post=371877"}],"version-history":[{"count":0,"href":"https:\/\/www.europesays.com\/fr\/wp-json\/wp\/v2\/posts\/371877\/revisions"}],"wp:featuredmedia":[{"embeddable":true,"href":"https:\/\/www.europesays.com\/fr\/wp-json\/wp\/v2\/media\/371878"}],"wp:attachment":[{"href":"https:\/\/www.europesays.com\/fr\/wp-json\/wp\/v2\/media?parent=371877"}],"wp:term":[{"taxonomy":"category","embeddable":true,"href":"https:\/\/www.europesays.com\/fr\/wp-json\/wp\/v2\/categories?post=371877"},{"taxonomy":"post_tag","embeddable":true,"href":"https:\/\/www.europesays.com\/fr\/wp-json\/wp\/v2\/tags?post=371877"}],"curies":[{"name":"wp","href":"https:\/\/api.w.org\/{rel}","templated":true}]}}