{"id":371881,"date":"2025-09-07T01:09:22","date_gmt":"2025-09-07T01:09:22","guid":{"rendered":"https:\/\/www.europesays.com\/fr\/371881\/"},"modified":"2025-09-07T01:09:22","modified_gmt":"2025-09-07T01:09:22","slug":"lol-connait-la-date-des-matchs-face-a-nice-et-strasbourg","status":"publish","type":"post","link":"https:\/\/www.europesays.com\/fr\/371881\/","title":{"rendered":"l&rsquo;OL conna\u00eet la date des matchs face \u00e0 Nice et Strasbourg"},"content":{"rendered":"<p>                            <img width=\"770\" height=\"433\" src=\"https:\/\/www.europesays.com\/fr\/wp-content\/uploads\/2025\/09\/AFP__20250328__38CE6U8__v1__HighRes__FblFraLigue1StrasbourgLyon-e1743233710783-770x433.jpg\" class=\"attachment-article size-article wp-post-image\" alt=\"Abner (OL) face \u00e0 Strasbourg\" decoding=\"async\" fetchpriority=\"high\"  \/><\/p>\n<p>Abner (OL) face \u00e0 Strasbourg (Photo by SEBASTIEN BOZON \/ AFP)<\/p>\n<p>Vendredi, la LFP a diffus\u00e9 la programmation des 8e et 9e journ\u00e9es de Ligue 1. Deux duels majeurs pour l&rsquo;OL qui ira \u00e0 Nice et recevra Strasbourg. Le tout entre une affiche de Ligue Europa.<\/p>\n<p>Ces derniers jours, la LFP a publi\u00e9 de nombreuses programmations des futures journ\u00e9es de Ligue 1. On conna\u00eet ainsi l&rsquo;ensemble du calendrier de l&rsquo;Olympique lyonnais pour <a href=\"https:\/\/www.olympique-et-lyonnais.com\/ligue-1-ligue-europa-le-menu-de-lol-en-septembre,377536.html\" rel=\"nofollow noopener\" target=\"_blank\">les semaines \u00e0 venir<\/a>. M\u00eame en octobre, le programme est aujourd&rsquo;hui largement d\u00e9voil\u00e9. <\/p>\n<p>On sait par exemple que l&rsquo;OL <a href=\"https:\/\/www.olympique-et-lyonnais.com\/ligue-1-lol-recevra-toulouse-le-dimanche-5-octobre-15h,378669.html\" rel=\"nofollow noopener\" target=\"_blank\">recevra Toulouse<\/a> le dimanche 5 octobre (15 heures).  La fin d&rsquo;un marathon de 5 sorties en 17 jours. Suivra une tr\u00eave internationale, et il faudra repartir de plus belle avec \u00e0 nouveau 7 rencontres \u00e0 disputer en 23 jours. Intense. Le menu commencera par un voyage sur la C\u00f4te d&rsquo;Azur. <\/p>\n<p>La r\u00e9ception de B\u00e2le au milieu<\/p>\n<p>Pas de balade sur les plages azur\u00e9ennes, mais un passage par Nice lors de la 8e journ\u00e9e. Rendez-vous le samedi 18 octobre \u00e0 17 heures, pour un duel propos\u00e9 sur les antennes de beIN Sports 1. Apr\u00e8s \u00e7a, il faudra accueillir B\u00e2le <a href=\"https:\/\/www.olympique-et-lyonnais.com\/ligue-europa-voyage-a-utrecht-pour-commencer-reception-du-paok-pour-finir-le-calendrier-de-lol,377886.html\" rel=\"nofollow noopener\" target=\"_blank\">en Ligue Europa<\/a> le jeudi 23 octobre (18h45).<\/p>\n<p>Les Rhodaniens auront m\u00eame deux r\u00e9ceptions cons\u00e9cutives. Strasbourg posera ses valises \u00e0 D\u00e9cines le dimanche 26 octobre \u00e0 20h45. En cl\u00f4ture du week-end de la 9e journ\u00e9e de championnat. Un vrai choc entre deux \u00e9quipes candidates \u00e0 un strapontin europ\u00e9en, et marqu\u00e9e diff\u00e9remment par la multipropri\u00e9t\u00e9. \u00c0 noter que cette affiche pr\u00e9c\u00e9dera la confrontation sur la pelouse du Paris FC qui aura lieu en milieu de semaine. <\/p>\n","protected":false},"excerpt":{"rendered":"Abner (OL) face \u00e0 Strasbourg (Photo by SEBASTIEN BOZON \/ AFP) Vendredi, la LFP a diffus\u00e9 la programmation&hellip;\n","protected":false},"author":2,"featured_media":371882,"comment_status":"","ping_status":"","sticky":false,"template":"","format":"standard","meta":{"footnotes":""},"categories":[2820],"tags":[1111,11,1777,674,1011,27,775,66,12,2401,241,25,640],"class_list":{"0":"post-371881","1":"post","2":"type-post","3":"status-publish","4":"format-standard","5":"has-post-thumbnail","7":"category-strasbourg","8":"tag-actu","9":"tag-actualites","10":"tag-eu","11":"tag-europe","12":"tag-fr","13":"tag-france","14":"tag-grand-est","15":"tag-ligue-1","16":"tag-news","17":"tag-nice","18":"tag-ol","19":"tag-republique-francaise","20":"tag-strasbourg"},"share_on_mastodon":{"url":"https:\/\/pubeurope.com\/@fr\/115160348366609552","error":""},"_links":{"self":[{"href":"https:\/\/www.europesays.com\/fr\/wp-json\/wp\/v2\/posts\/371881","targetHints":{"allow":["GET"]}}],"collection":[{"href":"https:\/\/www.europesays.com\/fr\/wp-json\/wp\/v2\/posts"}],"about":[{"href":"https:\/\/www.europesays.com\/fr\/wp-json\/wp\/v2\/types\/post"}],"author":[{"embeddable":true,"href":"https:\/\/www.europesays.com\/fr\/wp-json\/wp\/v2\/users\/2"}],"replies":[{"embeddable":true,"href":"https:\/\/www.europesays.com\/fr\/wp-json\/wp\/v2\/comments?post=371881"}],"version-history":[{"count":0,"href":"https:\/\/www.europesays.com\/fr\/wp-json\/wp\/v2\/posts\/371881\/revisions"}],"wp:featuredmedia":[{"embeddable":true,"href":"https:\/\/www.europesays.com\/fr\/wp-json\/wp\/v2\/media\/371882"}],"wp:attachment":[{"href":"https:\/\/www.europesays.com\/fr\/wp-json\/wp\/v2\/media?parent=371881"}],"wp:term":[{"taxonomy":"category","embeddable":true,"href":"https:\/\/www.europesays.com\/fr\/wp-json\/wp\/v2\/categories?post=371881"},{"taxonomy":"post_tag","embeddable":true,"href":"https:\/\/www.europesays.com\/fr\/wp-json\/wp\/v2\/tags?post=371881"}],"curies":[{"name":"wp","href":"https:\/\/api.w.org\/{rel}","templated":true}]}}