{"id":371883,"date":"2025-09-07T01:10:19","date_gmt":"2025-09-07T01:10:19","guid":{"rendered":"https:\/\/www.europesays.com\/fr\/371883\/"},"modified":"2025-09-07T01:10:19","modified_gmt":"2025-09-07T01:10:19","slug":"municipales-2026-a-nice-cette-mesure-choc-que-promet-la-gauche-en-cas-de-victioire","status":"publish","type":"post","link":"https:\/\/www.europesays.com\/fr\/371883\/","title":{"rendered":"Municipales 2026 \u00e0 Nice. Cette mesure choc que promet la gauche en cas de victioire"},"content":{"rendered":"<p>            Par<br \/>\n        <strong><br \/>\n            <a href=\"https:\/\/actu.fr\/auteur\/ugo-maillard\" title=\"Consulter tous les articles de Ugo Maillard\" rel=\"nofollow noopener\" target=\"_blank\">Ugo Maillard<\/a><br \/>\n        <\/strong><\/p>\n<p>        Publi\u00e9 le<\/p>\n<p>            5 sept. 2025 \u00e0 16h11        <\/p>\n<p>\u00ab\u2009On a la possibilit\u00e9 de gagner et de rendre la ville \u00e0 ses habitants\u2009\u00bb. C\u2019est avec un optimisme de rigueur que les <strong>\u00e9lus de gauche<\/strong> ont annonc\u00e9 leur liste commune pour les \u00e9lections municipales 2026 \u00e0 <a href=\"https:\/\/actu.fr\/nice\/\" rel=\"nofollow noopener\" target=\"_blank\">Nice<\/a>.\u00a0Les \u00c9cologistes, le Parti Socialiste et le Parti Communiste s<a href=\"https:\/\/actu.fr\/provence-alpes-cote-d-azur\/nice_06088\/nice-le-candidat-de-la-gauche-pour-les-elections-municipales-2026-est-connu_63115316.html\" rel=\"nofollow noopener\" target=\"_blank\">\u2019unissent derri\u00e8re Juliette Chesnel-Le Roux<\/a> pour briguer la mairie et jouer les trouble-f\u00eates dans le duel Christian Estrosi \u2013 \u00c9ric Ciotti. \u00c0 l\u2019occasion d\u2019une conf\u00e9rence de presse organis\u00e9e ce vendredi 5\u00a0septembre 2025, la gauche unie a livr\u00e9 ses mesures fortes pour convaincre les Ni\u00e7ois. Dont une proposition choc.<\/p>\n<p>Gratuit\u00e9 des transports<\/p>\n<p class=\" wall-content\">Entour\u00e9e de Julien Picot (PC et deuxi\u00e8me sur la liste) et de Patrick Allemand (PS et quatri\u00e8me sur la liste), Juliette Chesnel-Le Roux (\u00c9cologistes) a d\u00e9voil\u00e9 les <strong>promesses de campagne<\/strong> de la gauche pour Nice.<\/p>\n<p class=\" wall-content\">Fruit d\u2019un <a href=\"https:\/\/actu.fr\/provence-alpes-cote-d-azur\/nice_06088\/nice-30-c-dans-les-classes-pas-de-ventilateur-ils-denoncent-la-chaleur-dans-les-ecoles_62802486.html\" rel=\"nofollow noopener\" target=\"_blank\">travail commun<\/a> initi\u00e9 depuis janvier, cette alliance \u00e9lectorale porte plusieurs propositions fortes\u2009: \u00ab\u2009Nos priorit\u00e9s sont simples car urgentes, la justice sociale, l\u2019\u00e9cologie et la s\u00e9curit\u00e9.\u2009\u00bb<\/p>\n<blockquote class=\"ac-article-quote wall-content\">\n<p>On construit sur du fond. Ce ne sera pas une campagne de caniveau, mais une campagne digne.  Les \u00e9lecteurs ont le choix entre deux visions.<br \/>\nD\u2019un c\u00f4t\u00e9, une droite qui s\u2019entred\u00e9chire, consanguine et qui s\u2019enferme dans des querelles. De l\u2019autre, un projet pour les Ni\u00e7ois.<\/p>\n<p>    <strong>Juliette Chesnel-Le Roux<\/strong><br \/>\n        Candidate aux \u00e9lections municipales 2026 \u00e0 Nice    <\/p><\/blockquote>\n<p class=\" wall-content\">Une promesse concerne une mesure choc et qui b\u00e9n\u00e9ficiera \u00e0 tous\u2009: rendre le r\u00e9seau Lignes d\u2019Azur accessible sans frais. Julien Picot, deuxi\u00e8me sur la liste, d\u00e9taille le programme\u2009: \u00ab\u2009Si nous sommes \u00e9lus, nous appliquerons la gratuit\u00e9 des transports, l\u2019encadrement des loyers. Nous stopperons le tourisme de luxe. Nous mettrons en place une police de terrain, et ce, partout dans la ville. Enfin, nous cr\u00e9erons les Assises de la culture et nous d\u00e9velopperons le sport populaire\u2009\u00bb.<\/p>\n<p class=\" wall-content\">La t\u00eate de liste d\u00e9sign\u00e9e coll\u00e9gialement a \u00e9galement souhait\u00e9 mettre en avant l\u2019important de \u00ab\u2009la d\u00e9mocratie locale\u2009\u00bb. \u00ab\u2009Ce sera un mandat marqu\u00e9 par la transparence, la probit\u00e9 et l\u2019implication des habitants\u2009\u00bb, assure Juliette Chesnel-Le Roux.<\/p>\n<p>\u00ab\u2009J\u2019aime ma ville\u2009\u00bb<\/p>\n<p class=\" wall-content\">D\u00e9sormais en campagne, Juliette Chesnel-Le Roux pr\u00e9sidente du groupe \u00e9cologiste au conseil municipal et \u00e0 la m\u00e9tropole et ing\u00e9nieur de formation, a tenu \u00e0 rappeler son attachement \u00e0 la ville.<\/p>\n<p>Votre r\u00e9gion, votre actu !<\/p>\n<p>Recevez chaque jour les infos qui comptent pour vous.<\/p>\n<p>\t<a href=\"https:\/\/actu.fr\/newsletter\" class=\"ac-btn ac-btn--corner ac-btn--medium ac-btn--blue800\" rel=\"nofollow noopener\" target=\"_blank\">S&rsquo;incrire<\/a><\/p>\n<p class=\" wall-content\">\u00ab\u2009Nice m\u2019a adopt\u00e9. C\u2019est ici que j\u2019ai fait ma vie, que j\u2019ai eu mes enfants, que je me suis mari\u00e9e. J\u2019aime ma ville et j\u2019aime ses habitants.\u2009\u00bb<\/p>\n<p>    <img   decoding=\"async\" loading=\"lazy\" src=\"https:\/\/www.europesays.com\/fr\/wp-content\/uploads\/2025\/09\/juiette-chesnel-leroux-nice-960x640.png\" alt=\"Juliette Chesnel-Le Roux est la t\u00eate de liste de l'union de la gauche.\" width=\"960\" height=\"640\"\/><br \/>\n    Juliette Chesnel-Le Roux est la t\u00eate de liste de l\u2019union de la gauche. (\u00a9Ugo Maillard \/ actu Nice)<\/p>\n<p class=\" wall-content\">\u00c2g\u00e9e de 62\u00a0ans, celle qui n\u2019a \u00ab\u2009pas peur des critiques et des attaques\u2009\u00bb, briguera pour la premi\u00e8re fois le si\u00e8ge de maire de Nice.<\/p>\n<p>Une union de la gauche incompl\u00e8te<\/p>\n<p class=\" wall-content\">Au regard des forces en pr\u00e9sence ce vendredi, une question reste en suspens. <strong>Quid de LFI et de Viva<\/strong>\u2009? Les deux partis de gauche ne font pas partie de cette union, du moins, pour le moment.<\/p>\n<p class=\" wall-content\">\u00ab\u2009On a rencontr\u00e9 nos partenaires de gauche. La porte reste ouverte \u00e0 tous les progressistes de la ville. Tout le monde est invit\u00e9 \u00e0 d\u00e9passer les questions d\u2019organisations politiques\u2009\u00bb, insistent les \u00e9lus \u00e9cologistes, socialistes et communistes locaux. Un <strong>flou subsiste<\/strong> donc quant \u00e0 la participation de la France Insoumise et de Viva \u00e0 cette alliance.<\/p>\n<p class=\" wall-content\">\u00ab\u2009On a une chance historique. L\u2019union est l\u00e0. La dignit\u00e9 est l\u00e0. Et l\u2019avenir est devant nous\u2009\u00bb, se r\u00e9jouit-on \u00e0 gauche.<\/p>\n<p class=\" wall-content\">Le groupe Viva r\u00e9agit ce vendredi en milieu d\u2019apr\u00e8s-midi et fustige l\u2019accord : \u00ab Le choix du PS, du PCF et des \u00c9cologistes ni\u00e7ois d\u2019annoncer, d\u00e8s \u00e0 pr\u00e9sent et de fa\u00e7on unilat\u00e9rale leur t\u00eate de liste, confirme l\u2019abandon d\u2019une sinc\u00e8re d\u00e9marche unitaire, et brise cette dynamique. \u00bb<\/p>\n<p class=\" wall-content\">Personnalisez votre actualit\u00e9 en ajoutant vos villes et m\u00e9dias en favori avec <a href=\"https:\/\/moncompte.actu.fr\" title=\"D\u00e9couvez Mon Actu\" rel=\"nofollow noopener\" data-trk=\"{&quot;cta&quot;:{&quot;action&quot;:&quot;https:\\\/\\\/moncompte.actu.fr&quot;,&quot;category&quot;:&quot;mon compte&quot;,&quot;from&quot;:&quot;article footer&quot;,&quot;name&quot;:&quot;Mon actu&quot;,&quot;type&quot;:&quot;cta&quot;}}\" target=\"_blank\">Mon Actu<\/a>.<\/p>\n","protected":false},"excerpt":{"rendered":"Par Ugo Maillard Publi\u00e9 le 5 sept. 2025 \u00e0 16h11 \u00ab\u2009On a la possibilit\u00e9 de gagner et de&hellip;\n","protected":false},"author":2,"featured_media":371884,"comment_status":"","ping_status":"","sticky":false,"template":"","format":"standard","meta":{"footnotes":""},"categories":[2819],"tags":[1111,11,4188,1777,674,1011,27,3434,12,2401,316,882,25],"class_list":{"0":"post-371883","1":"post","2":"type-post","3":"status-publish","4":"format-standard","5":"has-post-thumbnail","7":"category-nice","8":"tag-actu","9":"tag-actualites","10":"tag-elections-municipales","11":"tag-eu","12":"tag-europe","13":"tag-fr","14":"tag-france","15":"tag-municipales-2026","16":"tag-news","17":"tag-nice","18":"tag-politique","19":"tag-provence-alpes-cote-dazur","20":"tag-republique-francaise"},"share_on_mastodon":{"url":"https:\/\/pubeurope.com\/@fr\/115160352387272414","error":""},"_links":{"self":[{"href":"https:\/\/www.europesays.com\/fr\/wp-json\/wp\/v2\/posts\/371883","targetHints":{"allow":["GET"]}}],"collection":[{"href":"https:\/\/www.europesays.com\/fr\/wp-json\/wp\/v2\/posts"}],"about":[{"href":"https:\/\/www.europesays.com\/fr\/wp-json\/wp\/v2\/types\/post"}],"author":[{"embeddable":true,"href":"https:\/\/www.europesays.com\/fr\/wp-json\/wp\/v2\/users\/2"}],"replies":[{"embeddable":true,"href":"https:\/\/www.europesays.com\/fr\/wp-json\/wp\/v2\/comments?post=371883"}],"version-history":[{"count":0,"href":"https:\/\/www.europesays.com\/fr\/wp-json\/wp\/v2\/posts\/371883\/revisions"}],"wp:featuredmedia":[{"embeddable":true,"href":"https:\/\/www.europesays.com\/fr\/wp-json\/wp\/v2\/media\/371884"}],"wp:attachment":[{"href":"https:\/\/www.europesays.com\/fr\/wp-json\/wp\/v2\/media?parent=371883"}],"wp:term":[{"taxonomy":"category","embeddable":true,"href":"https:\/\/www.europesays.com\/fr\/wp-json\/wp\/v2\/categories?post=371883"},{"taxonomy":"post_tag","embeddable":true,"href":"https:\/\/www.europesays.com\/fr\/wp-json\/wp\/v2\/tags?post=371883"}],"curies":[{"name":"wp","href":"https:\/\/api.w.org\/{rel}","templated":true}]}}