{"id":371889,"date":"2025-09-07T01:13:42","date_gmt":"2025-09-07T01:13:42","guid":{"rendered":"https:\/\/www.europesays.com\/fr\/371889\/"},"modified":"2025-09-07T01:13:42","modified_gmt":"2025-09-07T01:13:42","slug":"valorise-a-11-me-et-cible-par-kita-au-fc-nantes-il-ira-en-arabie-saoudite","status":"publish","type":"post","link":"https:\/\/www.europesays.com\/fr\/371889\/","title":{"rendered":"Valoris\u00e9 \u00e0 11 M\u20ac et cibl\u00e9 par Kita au FC Nantes, il ira en Arabie Saoudite"},"content":{"rendered":"<p>\t\t\t\t\t Apr\u00e8s Kurt Zouma, qui a finalement rejoint le CRF Cluj en Roumanie \u00e0 la surprise g\u00e9n\u00e9rale, un autre dossier en or a malheureusement \u00e9chapp\u00e9 \u00e0 Luis Castro et Waldemar Kita durant ce mercato estival du c\u00f4t\u00e9 du <a class=\"liens\" href=\"https:\/\/www.jeunesfooteux.com\/FC-Nantes-apres-Diego-Carlos-c-etait-le-plan-en-or-a-0-de-Kita-_a77352.html\" rel=\"nofollow noopener\" target=\"_blank\">FC Nantes<\/a>. <\/p>\n<p>Un deal qui pourrait laisser malheureusement des regrets aux pensionnaires du Stade de La Beaujoire, d&rsquo;autant plus que ce joueur semble se diriger vers l&rsquo;Arabie Saoudite. Un choix par d\u00e9faut car ce joueur form\u00e9 au PSG avait initialement pour objectif de se relancer en Europe. <\/p>\n<p>Pass\u00e9 par les Girondins de Bordeaux et de retour \u00e0 l&rsquo;AC Milan apr\u00e8s un pr\u00eat r\u00e9ussi \u00e0 la Fiorentina, Yacine Adli avait \u00e9t\u00e9 cibl\u00e9 par le FC Nantes, l&rsquo;AJ Auxerre et le RC Lens en Ligue 1 lors du dernier mercato. En vain pour nos club fran\u00e7ais, malheureusement&#8230; <\/p>\n<p>D&rsquo;apr\u00e8s les informations de Footmercato, Yacine Adli serait en n\u00e9gociations avanc\u00e9es avec Al-Shabab en Arabie Saoudite. Dans une moindre mesure, un autre club bas\u00e9 en Turquie, dont l&rsquo;identit\u00e9 n&rsquo;a pas filtr\u00e9, serait \u00e9galement sur le coup r\u00e9cup\u00e9rer celui qui a totalis\u00e9 4 buts et 6 passes d\u00e9cisives avec la Viola en Serie A la saison derni\u00e8re, et qui est valoris\u00e9 \u00e0 11 M\u20ac sur Transfermarkt. <\/p>\n<p>Dommage pour le clan Kita au FC Nantes, car un joueur comme Yacine Adli pr\u00e9sentait bien le profil id\u00e9al pour s&rsquo;\u00e9panouir dans le style de jeu pr\u00f4n\u00e9 par Luis Castro&#8230; cela aurait \u00e9t\u00e9 un sacr\u00e9 renfort pour renforcer l&rsquo;entrejeu des Canaris !\n\t\t\t\t <\/p>\n","protected":false},"excerpt":{"rendered":"Apr\u00e8s Kurt Zouma, qui a finalement rejoint le CRF Cluj en Roumanie \u00e0 la surprise g\u00e9n\u00e9rale, un autre&hellip;\n","protected":false},"author":2,"featured_media":371890,"comment_status":"","ping_status":"","sticky":false,"template":"","format":"standard","meta":{"footnotes":""},"categories":[2818],"tags":[1111,11,1777,674,1011,27,766,12,2636,25],"class_list":{"0":"post-371889","1":"post","2":"type-post","3":"status-publish","4":"format-standard","5":"has-post-thumbnail","7":"category-nantes","8":"tag-actu","9":"tag-actualites","10":"tag-eu","11":"tag-europe","12":"tag-fr","13":"tag-france","14":"tag-nantes","15":"tag-news","16":"tag-pays-de-la-loire","17":"tag-republique-francaise"},"share_on_mastodon":{"url":"https:\/\/pubeurope.com\/@fr\/115160363984690425","error":""},"_links":{"self":[{"href":"https:\/\/www.europesays.com\/fr\/wp-json\/wp\/v2\/posts\/371889","targetHints":{"allow":["GET"]}}],"collection":[{"href":"https:\/\/www.europesays.com\/fr\/wp-json\/wp\/v2\/posts"}],"about":[{"href":"https:\/\/www.europesays.com\/fr\/wp-json\/wp\/v2\/types\/post"}],"author":[{"embeddable":true,"href":"https:\/\/www.europesays.com\/fr\/wp-json\/wp\/v2\/users\/2"}],"replies":[{"embeddable":true,"href":"https:\/\/www.europesays.com\/fr\/wp-json\/wp\/v2\/comments?post=371889"}],"version-history":[{"count":0,"href":"https:\/\/www.europesays.com\/fr\/wp-json\/wp\/v2\/posts\/371889\/revisions"}],"wp:featuredmedia":[{"embeddable":true,"href":"https:\/\/www.europesays.com\/fr\/wp-json\/wp\/v2\/media\/371890"}],"wp:attachment":[{"href":"https:\/\/www.europesays.com\/fr\/wp-json\/wp\/v2\/media?parent=371889"}],"wp:term":[{"taxonomy":"category","embeddable":true,"href":"https:\/\/www.europesays.com\/fr\/wp-json\/wp\/v2\/categories?post=371889"},{"taxonomy":"post_tag","embeddable":true,"href":"https:\/\/www.europesays.com\/fr\/wp-json\/wp\/v2\/tags?post=371889"}],"curies":[{"name":"wp","href":"https:\/\/api.w.org\/{rel}","templated":true}]}}