{"id":371893,"date":"2025-09-07T01:16:17","date_gmt":"2025-09-07T01:16:17","guid":{"rendered":"https:\/\/www.europesays.com\/fr\/371893\/"},"modified":"2025-09-07T01:16:17","modified_gmt":"2025-09-07T01:16:17","slug":"pourquoi-des-fermetures-nocturnes-du-peripherique-toute-la-semaine-a-toulouse","status":"publish","type":"post","link":"https:\/\/www.europesays.com\/fr\/371893\/","title":{"rendered":"Pourquoi des fermetures nocturnes du p\u00e9riph\u00e9rique toute la semaine \u00e0 Toulouse"},"content":{"rendered":"<p>\n                                                                    l&rsquo;essentiel<br \/>\n                                                                Du lundi\u00a08 au 11\u00a0septembre 2025, le p\u00e9riph\u00e9rique de Toulouse sera ferm\u00e9 au niveau de l\u2019A61 et l\u2019A620 pr\u00e8s de Montaudran et du Palays, pour permettre les travaux de la ligne C du m\u00e9tro. Voici o\u00f9 il faudra passer.\n                            <\/p>\n<p>Gare \u00e0 ceux qui sortent tard du boulot\u00a0! \u00c0 Toulouse, les travaux de la future ligne C du m\u00e9tro imposent de fermer une portion du p\u00e9riph\u00e9rique la nuit. De lundi \u00e0 jeudi, entre 20\u00a0h\u00a030 ou 21\u00a0h et 6\u00a0h, les fermetures se concentreront entre les \u00e9changeurs de Montaudran (n\u00b0\u00a018) et du Palays (n\u00b0\u00a019). Objectif annonc\u00e9\u00a0: s\u00e9curiser l\u2019ouvrage de franchissement tout en maintenant des itin\u00e9raires de d\u00e9lestage clairs.<\/p>\n<p>Lundi 8\u00a0septembre, le p\u00e9riph\u00e9rique est (A61) sera ferm\u00e9 vers Bordeaux entre la barri\u00e8re de Toulouse-sud et le Palays, de 21\u00a0h \u00e0 6\u00a0h. La bretelle d\u2019entr\u00e9e de Lab\u00e8ge (RD916) restera close d\u00e8s 20\u00a0h\u00a030. Les voitures seront redirig\u00e9es vers la sortie du Palays (n\u00b0\u00a019), les poids lourds vers Lespinet (n\u00b0\u00a020), avec reprise possible en direction de Bordeaux \u00e0 Montaudran (n\u00b0\u00a018) via le r\u00e9seau secondaire.<\/p>\n<p class=\"std-elt__inline\">\n        <strong>\u00c0 lire aussi :<\/strong><br \/>\n        <a href=\"https:\/\/www.ladepeche.fr\/2025\/04\/24\/alerte-circulation-toulouse-encore-un-week-end-de-fermeture-du-peripherique-entre-rangueil-et-lespinet-ce-vendredi-12653878.php\" rel=\"nofollow noopener\" target=\"_blank\">Alerte circulation Toulouse\u00a0: encore un week-end de fermeture du p\u00e9riph\u00e9rique entre Rangueil et Lespinet, ce vendredi<\/a>\n    <\/p>\n<p>Mardi 9\u00a0septembre, la contrainte s\u2019intensifie\u00a0: l\u2019A61 vers Bordeaux sera \u00e0 nouveau coup\u00e9e entre Toulouse-sud et Montaudran, tandis que l\u2019A620 ouest sera ferm\u00e9e vers Montpellier entre le Palays et Toulouse-sud, de 21\u00a0h \u00e0 6\u00a0h. L\u2019acc\u00e8s \u00e0 l\u2019A61 depuis l\u2019A620 et le secteur de Ramonville sera impossible. Les conducteurs devront sortir au Palays (n\u00b0\u00a019) pour rejoindre Montaudran (n\u00b0\u00a018)\u00a0; ceux visant Montpellier depuis l\u2019A620 seront orient\u00e9s vers l\u2019\u00e9changeur de Montgiscard (n\u00b0\u00a019.1) par le r\u00e9seau secondaire.<\/p>\n<p>Mercredi 10\u00a0septembre, c\u2019est la bretelle de sortie du Palays (n\u00b0\u00a019) en direction de Montpellier, ainsi que la bifurcation vers le p\u00e9riph\u00e9rique int\u00e9rieur, qui sera ferm\u00e9e d\u00e8s 20\u00a0h\u00a030. Les automobilistes seront invit\u00e9s \u00e0 utiliser la sortie Palays (n\u00b0\u00a019.a) en direction de Lab\u00e8ge.<\/p>\n<p class=\"std-elt__inline\">\n        <strong>\u00c0 lire aussi :<\/strong><br \/>\n        <a href=\"https:\/\/www.ladepeche.fr\/2024\/10\/11\/fermetures-nocturnes-sur-le-peripherique-toulousain-ou-est-ce-que-ca-va-coincer-du-14-au-18-octobre-12254634.php\" rel=\"nofollow noopener\" target=\"_blank\">Fermetures nocturnes sur le p\u00e9riph\u00e9rique toulousain\u00a0: o\u00f9 est-ce que \u00e7a va coincer du 14 au 18\u00a0octobre\u00a0?<\/a>\n    <\/p>\n<p>Jeudi 11\u00a0septembre enfin, l\u2019A61 sera coup\u00e9e vers Montpellier entre Montaudran et le Palays, de 21\u00a0h \u00e0 6\u00a0h. La bretelle d\u2019entr\u00e9e de Montaudran (n\u00b0\u00a018) sera indisponible d\u00e8s 20\u00a0h\u00a030. Les voitures quitteront \u00e0 Montaudran (n\u00b0\u00a018) pour rallier le Palays (n\u00b0\u00a019) par le r\u00e9seau secondaire\u00a0; les poids lourds passeront par Lespinet (n\u00b0\u00a020). Des panneaux de d\u00e9viation guideront les trajets. Anticipez\u00a0vos trajets.<\/p>\n","protected":false},"excerpt":{"rendered":"l&rsquo;essentiel Du lundi\u00a08 au 11\u00a0septembre 2025, le p\u00e9riph\u00e9rique de Toulouse sera ferm\u00e9 au niveau de l\u2019A61 et l\u2019A620&hellip;\n","protected":false},"author":2,"featured_media":371894,"comment_status":"","ping_status":"","sticky":false,"template":"","format":"standard","meta":{"footnotes":""},"categories":[2816],"tags":[1111,11,1777,674,1011,27,12,2680,25,2312],"class_list":{"0":"post-371893","1":"post","2":"type-post","3":"status-publish","4":"format-standard","5":"has-post-thumbnail","7":"category-toulouse","8":"tag-actu","9":"tag-actualites","10":"tag-eu","11":"tag-europe","12":"tag-fr","13":"tag-france","14":"tag-news","15":"tag-occitanie","16":"tag-republique-francaise","17":"tag-toulouse"},"share_on_mastodon":{"url":"https:\/\/pubeurope.com\/@fr\/115160375806121031","error":""},"_links":{"self":[{"href":"https:\/\/www.europesays.com\/fr\/wp-json\/wp\/v2\/posts\/371893","targetHints":{"allow":["GET"]}}],"collection":[{"href":"https:\/\/www.europesays.com\/fr\/wp-json\/wp\/v2\/posts"}],"about":[{"href":"https:\/\/www.europesays.com\/fr\/wp-json\/wp\/v2\/types\/post"}],"author":[{"embeddable":true,"href":"https:\/\/www.europesays.com\/fr\/wp-json\/wp\/v2\/users\/2"}],"replies":[{"embeddable":true,"href":"https:\/\/www.europesays.com\/fr\/wp-json\/wp\/v2\/comments?post=371893"}],"version-history":[{"count":0,"href":"https:\/\/www.europesays.com\/fr\/wp-json\/wp\/v2\/posts\/371893\/revisions"}],"wp:featuredmedia":[{"embeddable":true,"href":"https:\/\/www.europesays.com\/fr\/wp-json\/wp\/v2\/media\/371894"}],"wp:attachment":[{"href":"https:\/\/www.europesays.com\/fr\/wp-json\/wp\/v2\/media?parent=371893"}],"wp:term":[{"taxonomy":"category","embeddable":true,"href":"https:\/\/www.europesays.com\/fr\/wp-json\/wp\/v2\/categories?post=371893"},{"taxonomy":"post_tag","embeddable":true,"href":"https:\/\/www.europesays.com\/fr\/wp-json\/wp\/v2\/tags?post=371893"}],"curies":[{"name":"wp","href":"https:\/\/api.w.org\/{rel}","templated":true}]}}