{"id":371895,"date":"2025-09-07T01:17:11","date_gmt":"2025-09-07T01:17:11","guid":{"rendered":"https:\/\/www.europesays.com\/fr\/371895\/"},"modified":"2025-09-07T01:17:11","modified_gmt":"2025-09-07T01:17:11","slug":"toulouse-les-colleges-de-haute-garonne-se-lancent-dans-le-defi-100-fait-maison-et-local-dans-leur-cantine","status":"publish","type":"post","link":"https:\/\/www.europesays.com\/fr\/371895\/","title":{"rendered":"TOULOUSE : Les coll\u00e8ges de Haute-Garonne se lancent dans le d\u00e9fi 100% fait-maison et local dans leur cantine"},"content":{"rendered":"<p style=\"text-align: left;\"><strong>Lanc\u00e9 depuis un an dans plusieurs coll\u00e8ges, le programme \u00ab\u00a0100% local, fait-maison et bio\u00a0\u00bb du D\u00e9partement de la Haute-Garonne s\u2019\u00e9tend \u00e0 de nouvelles cantines. Voici lesquelles.<\/strong><\/p>\n<p style=\"text-align: left;\">Des repas faits-maisons, bio, cuisin\u00e9s \u00e0 partir d\u2019aliments issus de productions locales et servis aux jeunes des coll\u00e8ges de Haute-Garonne. L\u2019ambition du Conseil d\u00e9partemental est grande mais constitue bien un objectif \u00e0 atteindre pour la collectivit\u00e9 en 2028. Elle a mis en marche le d\u00e9fi en 2023, et sort d\u2019une ann\u00e9e scolaire 2024\/2025 de d\u00e9marrage concret aupr\u00e8s de 24 \u00e9tablissements pilotes. \u00c0 partir de la rentr\u00e9e, de nouveaux coll\u00e8ges dot\u00e9s d\u2019une cuisine autonome entrent dans le projet. Les voici.<\/p>\n<p style=\"text-align: left;\"><a href=\"https:\/\/actu.fr\/societe\/ces-colleges-de-haute-garonne-se-lancent-dans-le-defi-100-fait-maison-et-local-dans-leur-cantine_63095777.html?utm_source=brevo&amp;utm_campaign=Infolettre%20du%204%20septembre%202025&amp;utm_medium=email\" rel=\"nofollow noopener\" target=\"_blank\">LIRE LA SUITE<\/a><\/p>\n<p style=\"text-align: left;\"><strong>SOURCE : Conseil d\u00e9partemental de la Haute-Garonne.<\/strong><\/p>\n","protected":false},"excerpt":{"rendered":"Lanc\u00e9 depuis un an dans plusieurs coll\u00e8ges, le programme \u00ab\u00a0100% local, fait-maison et bio\u00a0\u00bb du D\u00e9partement de la&hellip;\n","protected":false},"author":2,"featured_media":371896,"comment_status":"","ping_status":"","sticky":false,"template":"","format":"standard","meta":{"footnotes":""},"categories":[2816],"tags":[1111,11,1777,674,1011,27,12,2680,25,2312],"class_list":{"0":"post-371895","1":"post","2":"type-post","3":"status-publish","4":"format-standard","5":"has-post-thumbnail","7":"category-toulouse","8":"tag-actu","9":"tag-actualites","10":"tag-eu","11":"tag-europe","12":"tag-fr","13":"tag-france","14":"tag-news","15":"tag-occitanie","16":"tag-republique-francaise","17":"tag-toulouse"},"share_on_mastodon":{"url":"https:\/\/pubeurope.com\/@fr\/115160379796250093","error":""},"_links":{"self":[{"href":"https:\/\/www.europesays.com\/fr\/wp-json\/wp\/v2\/posts\/371895","targetHints":{"allow":["GET"]}}],"collection":[{"href":"https:\/\/www.europesays.com\/fr\/wp-json\/wp\/v2\/posts"}],"about":[{"href":"https:\/\/www.europesays.com\/fr\/wp-json\/wp\/v2\/types\/post"}],"author":[{"embeddable":true,"href":"https:\/\/www.europesays.com\/fr\/wp-json\/wp\/v2\/users\/2"}],"replies":[{"embeddable":true,"href":"https:\/\/www.europesays.com\/fr\/wp-json\/wp\/v2\/comments?post=371895"}],"version-history":[{"count":0,"href":"https:\/\/www.europesays.com\/fr\/wp-json\/wp\/v2\/posts\/371895\/revisions"}],"wp:featuredmedia":[{"embeddable":true,"href":"https:\/\/www.europesays.com\/fr\/wp-json\/wp\/v2\/media\/371896"}],"wp:attachment":[{"href":"https:\/\/www.europesays.com\/fr\/wp-json\/wp\/v2\/media?parent=371895"}],"wp:term":[{"taxonomy":"category","embeddable":true,"href":"https:\/\/www.europesays.com\/fr\/wp-json\/wp\/v2\/categories?post=371895"},{"taxonomy":"post_tag","embeddable":true,"href":"https:\/\/www.europesays.com\/fr\/wp-json\/wp\/v2\/tags?post=371895"}],"curies":[{"name":"wp","href":"https:\/\/api.w.org\/{rel}","templated":true}]}}