{"id":371898,"date":"2025-09-07T01:19:16","date_gmt":"2025-09-07T01:19:16","guid":{"rendered":"https:\/\/www.europesays.com\/fr\/371898\/"},"modified":"2025-09-07T01:19:16","modified_gmt":"2025-09-07T01:19:16","slug":"a-lille-la-braderie-lance-la-campagne-a-lombre-du-gouvernement-bayrou-lexpress","status":"publish","type":"post","link":"https:\/\/www.europesays.com\/fr\/371898\/","title":{"rendered":"\u00e0 Lille, la braderie lance la campagne \u00e0 l&rsquo;ombre du gouvernement Bayrou \u2013 L&rsquo;Express"},"content":{"rendered":"<p class=\"paragraph article-body-paragraph article__item   article-body-paragraph--first \">La France insoumise (LFI), qui avait promis il y a quelques semaines une surprise pour les municipales \u00e0 Lille, a finalement annonc\u00e9 que la t\u00eate de liste serait une d\u00e9put\u00e9e suppl\u00e9ante peu connue, Lahouaria Addouche. Cette annonce a vite \u00e9t\u00e9 \u00e9clips\u00e9e par le discours fleuve du leader insoumis Jean-Luc M\u00e9lenchon, dont les appels au d\u00e9part d&rsquo;Emmanuel Macron ont rencontr\u00e9 un fort \u00e9cho parmi la foule venue l&rsquo;\u00e9couter.<\/p>\n<p><img decoding=\"async\" src=\"https:\/\/www.europesays.com\/fr\/wp-content\/uploads\/2025\/09\/FLZXCWYNKNFUPBNT3HIAB45P4Q.jpg\" class=\"image-with-legend__cover-img\" alt=\"Meeting du leader de LFI Jean-Luc M\u00e9lenchon \u00e0 Lille, le 6 septembre 2025 le \" width=\"883\" height=\"0\" loading=\"lazy\"\/><\/p>\n<p class=\"image-with-legend__legend\">Meeting du leader de LFI Jean-Luc M\u00e9lenchon \u00e0 Lille, le 6 septembre 2025 le <\/p>\n<p class=\"image-with-legend__credits\"> \u00a9  \/ afp.com\/Sameer Al-DOUMY<\/p>\n<p class=\"paragraph article-body-paragraph article__item   \">Le coordinateur national de LFI, Manuel Bompard, a bien tent\u00e9 de mettre en avant la candidature de Mme Addouche, enfant des quartiers populaires de Lille. Mais il a rapidement bifurqu\u00e9 vers le national: l&rsquo;heure est au combat, a-t-il assur\u00e9, appelant les Fran\u00e7ais \u00e0 donner un petit coup de main au pr\u00e9sident Emmanuel Macron pour l&rsquo;aider \u00e0 partir.<\/p>\n<p class=\"paragraph article-body-paragraph article__item   \">Localement comme nationalement, ni Bompard ni Addouche n&rsquo;ont retenu leurs coups contre les socialistes, accus\u00e9s par l&rsquo;un d&rsquo;\u00eatre pr\u00eats \u00e0 brader l&rsquo;ensemble du programme du Nouveau front populaire, par l&rsquo;autre d&rsquo;avoir tourn\u00e9 le dos \u00e0 la justice sociale et aux quartiers populaires.<\/p>\n<p class=\"paragraph article-body-paragraph article__item   \">Ce sont des arguments de campagne, ils pourront prosp\u00e9rer de leur c\u00f4t\u00e9, mais \u00e7a ne r\u00e9siste pas aux faits, s&rsquo;est offusqu\u00e9 le socialiste Arnaud Deslandes, dauphin de Martine Aubry, qui vit sa premi\u00e8re braderie dans la peau de maire, quelques mois apr\u00e8s lui avoir succ\u00e9d\u00e9.<\/p>\n<p class=\"paragraph article-body-paragraph article__item   \">Lui-m\u00eame a refus\u00e9 de parler davantage de politique locale, estimant que peu de gens aujourd&rsquo;hui ont l&rsquo;esprit aux \u00e9lections municipales, plus pr\u00e9occup\u00e9s par la chute du gouvernement qui a propos\u00e9 un budget parfaitement injuste.<\/p>\n<p> Besoin de l&rsquo;Etat <\/p>\n<p class=\"paragraph article-body-paragraph article__item   \">La succession de Mme Aubry dans cette ville socialiste depuis plus d&rsquo;un demi-si\u00e8cle s&rsquo;annonce pourtant \u00e9pineuse, vu les dissensions \u00e0 gauche. <\/p>\n<p><img decoding=\"async\" src=\"https:\/\/www.europesays.com\/fr\/wp-content\/uploads\/2025\/09\/4ABK6PW6ZFCKPBIIHWJMQLLLWE.jpg\" class=\"image-with-legend__cover-img\" alt=\"Meeting du leader de LFI Jean-Luc M\u00e9lenchon \u00e0 Lille, le 6 septembre 2025 le \" width=\"883\" height=\"0\" loading=\"lazy\"\/><\/p>\n<p class=\"image-with-legend__legend\">Meeting du leader de LFI Jean-Luc M\u00e9lenchon \u00e0 Lille, le 6 septembre 2025 le <\/p>\n<p class=\"image-with-legend__credits\"> \u00a9  \/ afp.com\/Sameer Al-DOUMY<\/p>\n<p class=\"paragraph article-body-paragraph article__item   \">Au sein m\u00eame de son camp, M. Deslandes est concurrenc\u00e9 par le d\u00e9put\u00e9 Roger Vicot, candidat \u00e0 l&rsquo;investiture socialiste, lors d&rsquo;une primaire pr\u00e9vue le 6 novembre. Cela n&rsquo;a pas emp\u00each\u00e9 les deux hommes de d\u00e9ambuler ensemble samedi.<\/p>\n<p class=\"paragraph article-body-paragraph article__item   \">Ce qui attend la France dans les prochains jours est quand m\u00eame beaucoup plus important que nos petits d\u00e9bats internes au Parti Socialiste, a esquiv\u00e9 M. Deslandes interrog\u00e9 sur le sujet.<\/p>\n<p class=\"paragraph article-body-paragraph article__item   \">Ses affinit\u00e9s locales sont apparues en creux dans sa d\u00e9ambulation entre les stands des partis politiques : mains serr\u00e9es aupr\u00e8s des communistes et du candidat de droite Louis Delemer, bises \u00e9chang\u00e9es avec des Ecologistes et de G\u00e9n\u00e9ration.s&#8230;et contournement ostensible du stand de Renaissance et de sa candidate \u00e0 la mairie, la d\u00e9put\u00e9e macroniste Violette Spillebout, ancienne proche de Mme Aubry.<\/p>\n<p class=\"paragraph article-body-paragraph article__item   \">Dans la matin\u00e9e, il \u00e9tait \u00e9galement sorti saluer la cheffe des Ecologistes, Marine Tondelier.<\/p>\n<p class=\"paragraph article-body-paragraph article__item   \">Celle-ci est venue en soutien \u00e0 celui qu&rsquo;elle assure \u00eatre le futur maire de Lille St\u00e9phane Baly, pass\u00e9 tout proche en 2020 de ravir le beffroi. Avant de passer elle aussi \u00e0 la politique nationale, estimant qu&rsquo;Emmanuel Macron doit nommer quelqu&rsquo;un du Nouveau Front populaire \u00e0 Matignon.<\/p>\n<p class=\"paragraph article-body-paragraph article__item   \">St\u00e9phane Baly lui-m\u00eame, a soulign\u00e9 que l&rsquo;\u00e9chelon local a besoin de l&rsquo;Etat, sans coups de rabot budg\u00e9taires.<\/p>\n<p class=\"paragraph article-body-paragraph article__item   \">Un peu \u00e0 l&rsquo;\u00e9cart des stands politiques et de la foule arpentant la plus grande braderie d&rsquo;Europe, Violette Spillebout a choisi d&rsquo;aller manger des moules-frites avec ses soutiens pr\u00e8s de la gare, un choix qui pouvait para\u00eetre moins politique.<\/p>\n<p class=\"paragraph article-body-paragraph article__item    article__text__endpicto\">C&rsquo;\u00e9tait sans compter sur la pr\u00e9sence de deux invit\u00e9s de marque: Agn\u00e8s Pannier-Runacher, ministre de la Transition \u00e9cologique, et G\u00e9rald Darmanin, garde des Sceaux. Se gardant de tout commentaire sur la politique nationale, ils se sont davantage affich\u00e9s samedi en amis de Violette Spillebout qu&rsquo;en ministres d&rsquo;un gouvernement dont les jours sont compt\u00e9s.<\/p>\n","protected":false},"excerpt":{"rendered":"La France insoumise (LFI), qui avait promis il y a quelques semaines une surprise pour les municipales \u00e0&hellip;\n","protected":false},"author":2,"featured_media":371899,"comment_status":"","ping_status":"","sticky":false,"template":"","format":"standard","meta":{"footnotes":""},"categories":[2815],"tags":[1111,11,1777,674,1011,27,811,1307,12,25,104],"class_list":{"0":"post-371898","1":"post","2":"type-post","3":"status-publish","4":"format-standard","5":"has-post-thumbnail","7":"category-lille","8":"tag-actu","9":"tag-actualites","10":"tag-eu","11":"tag-europe","12":"tag-fr","13":"tag-france","14":"tag-hauts-de-france","15":"tag-lille","16":"tag-news","17":"tag-republique-francaise","18":"tag-societe"},"share_on_mastodon":{"url":"https:\/\/pubeurope.com\/@fr\/115160388018483219","error":""},"_links":{"self":[{"href":"https:\/\/www.europesays.com\/fr\/wp-json\/wp\/v2\/posts\/371898","targetHints":{"allow":["GET"]}}],"collection":[{"href":"https:\/\/www.europesays.com\/fr\/wp-json\/wp\/v2\/posts"}],"about":[{"href":"https:\/\/www.europesays.com\/fr\/wp-json\/wp\/v2\/types\/post"}],"author":[{"embeddable":true,"href":"https:\/\/www.europesays.com\/fr\/wp-json\/wp\/v2\/users\/2"}],"replies":[{"embeddable":true,"href":"https:\/\/www.europesays.com\/fr\/wp-json\/wp\/v2\/comments?post=371898"}],"version-history":[{"count":0,"href":"https:\/\/www.europesays.com\/fr\/wp-json\/wp\/v2\/posts\/371898\/revisions"}],"wp:featuredmedia":[{"embeddable":true,"href":"https:\/\/www.europesays.com\/fr\/wp-json\/wp\/v2\/media\/371899"}],"wp:attachment":[{"href":"https:\/\/www.europesays.com\/fr\/wp-json\/wp\/v2\/media?parent=371898"}],"wp:term":[{"taxonomy":"category","embeddable":true,"href":"https:\/\/www.europesays.com\/fr\/wp-json\/wp\/v2\/categories?post=371898"},{"taxonomy":"post_tag","embeddable":true,"href":"https:\/\/www.europesays.com\/fr\/wp-json\/wp\/v2\/tags?post=371898"}],"curies":[{"name":"wp","href":"https:\/\/api.w.org\/{rel}","templated":true}]}}