{"id":37190,"date":"2025-04-19T19:24:25","date_gmt":"2025-04-19T19:24:25","guid":{"rendered":"https:\/\/www.europesays.com\/fr\/37190\/"},"modified":"2025-04-19T19:24:25","modified_gmt":"2025-04-19T19:24:25","slug":"une-subvention-pour-reduire-le-cout-du-fauteuil-roulant","status":"publish","type":"post","link":"https:\/\/www.europesays.com\/fr\/37190\/","title":{"rendered":"une subvention pour r\u00e9duire le co\u00fbt du fauteuil roulant"},"content":{"rendered":"<p style=\"font-style: italic\" itemprop=\"description\">500 euros la motorisation d&rsquo;un fauteuil roulant au lieu de 5 000 ? C&rsquo;est d\u00e9sormais possible gr\u00e2ce au concours de la R\u00e9gion IDF, qui l&rsquo;a incluse dans le programme d&rsquo;aide \u00e0 l&rsquo;achat de v\u00e9lo adapt\u00e9, et d&rsquo;Omni, qui propose un fauteuil adapt\u00e9 abordable.<\/p>\n<p>Le co\u00fbt de motorisation d&rsquo;un fauteuil roulant divis\u00e9 par deux\u00a0! C&rsquo;est l&rsquo;avanc\u00e9e \u00ab\u00a0in\u00e9dite\u00a0\u00bb \u00e9tablie par la r\u00e9gion Ile-de-France, \u00e0 la demande de la startup Omni, solution de trottinettes \u00e9lectriques adapt\u00e9es pour fauteuil roulant. Une affaire qui roule\u00a0!<\/p>\n<p><strong>Inclus dans l&rsquo;aide \u00e0 l&rsquo;achat de v\u00e9lo adapt\u00e9<\/strong><\/p>\n<p>Concr\u00e8tement, depuis le 26 juin 2024, les motorisations pour fauteuils roulants sont incluses dans le programme d&rsquo;aide \u00e0 l&rsquo;achat de v\u00e9los adapt\u00e9s de la R\u00e9gion (<a href=\"https:\/\/informations.handicap.fr\/a-aide-1200-pour-velo-adapte-ile-de-france-13084.php\" onclick=\"javascript:tracking_innerlink(&#039;37057&#039;,&#039;&#039;,&#039;Lien_page&#039;,&#039;https:\/\/informations.handicap.fr\/a-aide-1200-pour-velo-adapte-ile-de-france-13084.php&#039;,&#039;https:\/\/www.handicap.fr\/tracking.php?s=1&#039;);\" rel=\"nofollow noopener\" target=\"_blank\">Une aide de 1 200 \u20ac pour un v\u00e9lo adapt\u00e9 en Ile-de-France<\/a>). Elles sont, de ce fait, rembours\u00e9es \u00e0 hauteur de 50 %, dans la limite de 1 200 euros et sur pr\u00e9sentation de la facture. \u00ab\u00a0Un gain de pouvoir d&rsquo;achat essentiel\u00a0\u00bb pour les personnes handicap\u00e9es qui sont \u00ab\u00a0plus \u00e9loign\u00e9es de l&#8217;emploi que la moyenne de la population\u00a0\u00bb, rappelle la cofondatrice et pr\u00e9sidente d&rsquo;Omni, Charlotte Alaux, elle-m\u00eame en fauteuil roulant.<\/p>\n<p><strong>Omni\u00a0: des alternatives abordables aux transports<\/strong><\/p>\n<p>Cette initiative \u00ab\u00a0renforce la promotion et la d\u00e9mocratisation des mobilit\u00e9s douces du quotidien pour les personnes \u00e0 mobilit\u00e9 r\u00e9duite\u00a0\u00bb, salue Omni, qui propose des solutions bien moins on\u00e9reuses que les standards du march\u00e9. En effet, quand la plupart des motorisations avoisinent les 5 000 euros (non rembours\u00e9es), la startup fran\u00e7aise offre une option \u00e0 partir de 999 euros. Une somme d\u00e9sormais r\u00e9duite de moiti\u00e9. Elle entend ainsi offrir \u00ab\u00a0une alternative \u00e9conomique et pratique aux transports en commun, dont l&rsquo;accessibilit\u00e9 reste difficile au quotidien pour les personnes en fauteuil\u00a0\u00bb.\u00a0<\/p>\n<p>Int\u00e9ress\u00e9s\u00a0? V\u00e9rifiez votre \u00e9ligibilit\u00e9 et formuler votre demande sur  <a href=\"https:\/\/www.iledefrance-mobilites.fr\/editorial\/aide-achat-velos\" onclick=\"javascript:tracking_innerlink(&#039;37057&#039;,&#039;&#039;,&#039;Lien_page&#039;,&#039;https:\/\/www.iledefrance-mobilites.fr\/editorial\/aide-achat-velos&#039;,&#039;https:\/\/www.handicap.fr\/tracking.php?s=1&#039;);\" rel=\"nofollow noopener\" target=\"_blank\">le site Ile-de-France mobilit\u00e9s<\/a>.<\/p>\n<p><strong>Appel aux collectivit\u00e9s\u00a0inclusives\u00a0!<\/strong><\/p>\n<p>Charlotte Alaux ne compte pas s&rsquo;arr\u00eater l\u00e0. Cette entrepreneure \u00e0 roulettes lance un appel \u00e0 \u00ab\u00a0toutes les collectivit\u00e9s ayant \u00e0 c\u0153ur de renforcer leur politique d&rsquo;inclusion gr\u00e2ce \u00e0 ce mod\u00e8le de subvention\u00a0\u00bb. \u00ab\u00a0Il est plus que temps de briser l&rsquo;assignation \u00e0 r\u00e9sidence que vivent aujourd&rsquo;hui plus d&rsquo;un million de citoyens dans notre pays \u00bb, revendique-t-elle.<\/p>\n<p>\u00a9 Omni<\/p>\n<p>\u00ab\u00a0Tous droits de reproduction et de repr\u00e9sentation r\u00e9serv\u00e9s.\u00a9 Handicap.fr. Cet article a \u00e9t\u00e9 r\u00e9dig\u00e9 par Cassandre Rogeret, journaliste Handicap.fr\u00a0\u00bb<\/p>\n<p>\n\t\tTh\u00e8mes : <\/p>\n","protected":false},"excerpt":{"rendered":"500 euros la motorisation d&rsquo;un fauteuil roulant au lieu de 5 000 ? C&rsquo;est d\u00e9sormais possible gr\u00e2ce au&hellip;\n","protected":false},"author":2,"featured_media":37191,"comment_status":"","ping_status":"","sticky":false,"template":"","format":"standard","meta":{"footnotes":""},"categories":[1592],"tags":[1111,11,11859,1777,674,1011,27,662,12,626,25,11858],"class_list":{"0":"post-37190","1":"post","2":"type-post","3":"status-publish","4":"format-standard","5":"has-post-thumbnail","7":"category-ile-de-france","8":"tag-actu","9":"tag-actualites","10":"tag-aide-a-l","11":"tag-eu","12":"tag-europe","13":"tag-fr","14":"tag-france","15":"tag-ile-de-france","16":"tag-news","17":"tag-paris","18":"tag-republique-francaise","19":"tag-subvention"},"share_on_mastodon":{"url":"https:\/\/pubeurope.com\/@fr\/114366268244485928","error":""},"_links":{"self":[{"href":"https:\/\/www.europesays.com\/fr\/wp-json\/wp\/v2\/posts\/37190","targetHints":{"allow":["GET"]}}],"collection":[{"href":"https:\/\/www.europesays.com\/fr\/wp-json\/wp\/v2\/posts"}],"about":[{"href":"https:\/\/www.europesays.com\/fr\/wp-json\/wp\/v2\/types\/post"}],"author":[{"embeddable":true,"href":"https:\/\/www.europesays.com\/fr\/wp-json\/wp\/v2\/users\/2"}],"replies":[{"embeddable":true,"href":"https:\/\/www.europesays.com\/fr\/wp-json\/wp\/v2\/comments?post=37190"}],"version-history":[{"count":0,"href":"https:\/\/www.europesays.com\/fr\/wp-json\/wp\/v2\/posts\/37190\/revisions"}],"wp:featuredmedia":[{"embeddable":true,"href":"https:\/\/www.europesays.com\/fr\/wp-json\/wp\/v2\/media\/37191"}],"wp:attachment":[{"href":"https:\/\/www.europesays.com\/fr\/wp-json\/wp\/v2\/media?parent=37190"}],"wp:term":[{"taxonomy":"category","embeddable":true,"href":"https:\/\/www.europesays.com\/fr\/wp-json\/wp\/v2\/categories?post=37190"},{"taxonomy":"post_tag","embeddable":true,"href":"https:\/\/www.europesays.com\/fr\/wp-json\/wp\/v2\/tags?post=37190"}],"curies":[{"name":"wp","href":"https:\/\/api.w.org\/{rel}","templated":true}]}}