{"id":371906,"date":"2025-09-07T01:23:27","date_gmt":"2025-09-07T01:23:27","guid":{"rendered":"https:\/\/www.europesays.com\/fr\/371906\/"},"modified":"2025-09-07T01:23:27","modified_gmt":"2025-09-07T01:23:27","slug":"lyon-la-republique-des-canuts-celebre-ses-37es-vendanges-a-la-croix-rousse","status":"publish","type":"post","link":"https:\/\/www.europesays.com\/fr\/371906\/","title":{"rendered":"Lyon : la R\u00e9publique des Canuts c\u00e9l\u00e8bre ses 37es vendanges \u00e0 la Croix-Rousse"},"content":{"rendered":"<p>                            <img loading=\"lazy\" width=\"1200\" height=\"750\" class=\"attachment-article size-article wp-post-image lazyload\" alt=\"\" decoding=\"async\" src=\"https:\/\/www.europesays.com\/fr\/wp-content\/uploads\/2025\/09\/IMG_3179-e1757172153859.jpg\" data-eio-rwidth=\"1200\" data-eio-rheight=\"750\"\/><\/p>\n<p>37es vendanges organis\u00e9es par la R\u00e9publique des Canuts \u00e0 la Croix-Rousse (4e arr.) \u00e0 Lyon. (@CM)<\/p>\n<p class=\"content\" style=\"font-size:1.2em;font-weight:700\">La R\u00e9publique des Canuts organisait ce samedi 6 septembre son annuelle journ\u00e9e de vendanges dans le parc de la Cerisaie, dans le 4e arrondissement de Lyon.<\/p>\n<p>Chapeau de paille sur la t\u00eate pour certains, s\u00e9cateur et panier en osier dans les mains pour les autres. Une centaine de Lyonnais \u00e9tait pr\u00e9sente ce samedi 6 septembre au parc de la Cerisaie, dans le 4e arrondissement, pour les annuelles vendanges de la R\u00e9publique des Canuts. Ce rendez-vous typique croix-roussien n\u2019a, cette ann\u00e9e, pas \u00e9t\u00e9 accompagn\u00e9 par le traditionnel d\u00e9fil\u00e9 place de la Croix-Rousse en raison des travaux.<\/p>\n<p><strong>Lire aussi :<\/strong> <a href=\"https:\/\/www.lyoncapitale.fr\/actualite\/beaujolais-des-vendanges-sous-le-signe-de-la-precocite-et-de-la-qualite\" target=\"_blank\" rel=\"noreferrer noopener nofollow\">Beaujolais : des vendanges sous le signe de la pr\u00e9cocit\u00e9 et de la qualit\u00e9<\/a><\/p>\n<p>La moiti\u00e9 des vignes endommag\u00e9e<\/p>\n<p>Pour cette 37e \u00e9dition, le rendez-vous \u00e9tait donn\u00e9 \u00e0 15 heures \u00e0 l&rsquo;entr\u00e9e du parc. Les festivit\u00e9s ont d\u00e9but\u00e9 par l\u2019intronisation de deux nouveaux parrains et en pr\u00e9sence du maire d\u2019arrondissement, R\u00e9my Zinc (Les \u00c9cologistes) et du d\u00e9put\u00e9 de la 1re circonscription du Rh\u00f4ne, Boris Tavernier (Les \u00c9cologistes). Cette derni\u00e8re a \u00e9t\u00e9 accompagn\u00e9e par le traditionnel hymne de la R\u00e9publique de Canuts, chant\u00e9 de bon c\u0153ur par son pr\u00e9sident depuis 30 ans, G\u00e9rard Truchet. En raison de d\u00e9gradations commises plus t\u00f4t la semaine pass\u00e9e, la moiti\u00e9 des vignes a malheureusement \u00e9t\u00e9 endommag\u00e9e, a-t-il d\u00e9plor\u00e9 ce samedi apr\u00e8s-midi.<\/p>\n<p><img loading=\"lazy\" decoding=\"async\" width=\"1200\" height=\"750\" alt=\"\" class=\"wp-image-460897 lazyload\" src=\"https:\/\/www.europesays.com\/fr\/wp-content\/uploads\/2025\/09\/IMG_3170-e1757172125854.jpg\" data-eio-rwidth=\"1200\" data-eio-rheight=\"750\"\/>Intronisation des nouveaux parrains par la R\u00e9publique des Canuts. (@CM)<\/p>\n<p>Sous un beau soleil, la fanfare La Bandas Germain s\u2019est ensuite dirig\u00e9e vers la vigne du Clos des Canuts, situ\u00e9e en contrebas, accompagn\u00e9e par les Gones pr\u00e9sents pour l\u2019occasion. Tous ont \u00e9t\u00e9 invit\u00e9s \u00e0 profiter du banquet organis\u00e9 \u00e0 19 heures. La traditionnelle f\u00eate du Paradis se tiendra quant \u00e0 elle le 13 septembre prochain, d\u00e8s 9 heures, sur la place de la Croix-Rousse.<\/p>\n<p><img loading=\"lazy\" decoding=\"async\" width=\"1200\" height=\"750\" alt=\"\" class=\"wp-image-460899 lazyload\" src=\"https:\/\/www.europesays.com\/fr\/wp-content\/uploads\/2025\/09\/IMG_3183-e1757172177152.jpg\" data-eio-rwidth=\"1200\" data-eio-rheight=\"750\"\/>37es vendanges organis\u00e9es par la R\u00e9publique des Canuts \u00e0 la Croix-Rousse (4e arr.) \u00e0 Lyon. (@CM)<\/p>\n<p><strong>Lire aussi :<\/strong> <a href=\"https:\/\/www.lyoncapitale.fr\/actualite\/lyon-a-la-croix-rousse-on-celebre-la-fete-des-brandons-meme-sous-la-pluie\" rel=\"nofollow noopener\" target=\"_blank\">Lyon : \u00e0 la Croix-Rousse, on c\u00e9l\u00e8bre la f\u00eate des Brandons m\u00eame sous la pluie\u00a0<\/a><\/p>\n","protected":false},"excerpt":{"rendered":"37es vendanges organis\u00e9es par la R\u00e9publique des Canuts \u00e0 la Croix-Rousse (4e arr.) \u00e0 Lyon. (@CM) La R\u00e9publique&hellip;\n","protected":false},"author":2,"featured_media":371907,"comment_status":"","ping_status":"","sticky":false,"template":"","format":"standard","meta":{"footnotes":""},"categories":[1889],"tags":[1111,11,2430,1777,674,1011,27,2428,12,25],"class_list":{"0":"post-371906","1":"post","2":"type-post","3":"status-publish","4":"format-standard","5":"has-post-thumbnail","7":"category-lyon","8":"tag-actu","9":"tag-actualites","10":"tag-auvergne-rhone-alpes","11":"tag-eu","12":"tag-europe","13":"tag-fr","14":"tag-france","15":"tag-lyon","16":"tag-news","17":"tag-republique-francaise"},"share_on_mastodon":{"url":"https:\/\/pubeurope.com\/@fr\/115160403398669109","error":""},"_links":{"self":[{"href":"https:\/\/www.europesays.com\/fr\/wp-json\/wp\/v2\/posts\/371906","targetHints":{"allow":["GET"]}}],"collection":[{"href":"https:\/\/www.europesays.com\/fr\/wp-json\/wp\/v2\/posts"}],"about":[{"href":"https:\/\/www.europesays.com\/fr\/wp-json\/wp\/v2\/types\/post"}],"author":[{"embeddable":true,"href":"https:\/\/www.europesays.com\/fr\/wp-json\/wp\/v2\/users\/2"}],"replies":[{"embeddable":true,"href":"https:\/\/www.europesays.com\/fr\/wp-json\/wp\/v2\/comments?post=371906"}],"version-history":[{"count":0,"href":"https:\/\/www.europesays.com\/fr\/wp-json\/wp\/v2\/posts\/371906\/revisions"}],"wp:featuredmedia":[{"embeddable":true,"href":"https:\/\/www.europesays.com\/fr\/wp-json\/wp\/v2\/media\/371907"}],"wp:attachment":[{"href":"https:\/\/www.europesays.com\/fr\/wp-json\/wp\/v2\/media?parent=371906"}],"wp:term":[{"taxonomy":"category","embeddable":true,"href":"https:\/\/www.europesays.com\/fr\/wp-json\/wp\/v2\/categories?post=371906"},{"taxonomy":"post_tag","embeddable":true,"href":"https:\/\/www.europesays.com\/fr\/wp-json\/wp\/v2\/tags?post=371906"}],"curies":[{"name":"wp","href":"https:\/\/api.w.org\/{rel}","templated":true}]}}