{"id":371912,"date":"2025-09-07T01:27:15","date_gmt":"2025-09-07T01:27:15","guid":{"rendered":"https:\/\/www.europesays.com\/fr\/371912\/"},"modified":"2025-09-07T01:27:15","modified_gmt":"2025-09-07T01:27:15","slug":"apres-dembele-desire-doue-touche-au-mollet-quitte-aussi-le-rassemblement","status":"publish","type":"post","link":"https:\/\/www.europesays.com\/fr\/371912\/","title":{"rendered":"apr\u00e8s Demb\u00e9l\u00e9, D\u00e9sir\u00e9 Dou\u00e9, touch\u00e9 au mollet, quitte aussi le rassemblement"},"content":{"rendered":"<p>Remplac\u00e9 \u00e0 la mi-temps lors de la victoire des Bleus face \u00e0 l\u2019Ukraine vendredi, l\u2019attaquant du PSG retourne dans son club avec Ousmane Demb\u00e9l\u00e9, lui aussi bless\u00e9.<\/p>\n<p class=\"fig-paragraph\">Fin du rassemblement international pour D\u00e9sir\u00e9 Dou\u00e9. Victime d\u2019un coup au mollet droit lors de<a href=\"http:\/\/www.lefigaro.fr\/sports\/football\/coupe-du-monde\/tombeurs-de-l-ukraine-les-bleus-font-un-premier-pas-vers-le-mondial-2026-20250905\" data-fig-type=\"NewsFlash\" data-gtm-custom-categorie=\"navigation\" data-gtm-custom-action=\"crossclick\" data-gtm-custom-label=\"Contextuel\" data-gtm-event=\"customEventSPE\" data-fig-domain=\"LEFIGARO\" target=\"_blank\" rel=\"noopener\">\u00a0la victoire de l\u2019\u00e9quipe de France face \u00e0 l\u2019Ukraine (0-2)<\/a>, l\u2019attaquant du Paris Saint-Germain quitte les Bleus pour \u00eatre remis \u00e0 disposition de son club. Le joueur de 20 ans ne disputera donc pas le match face \u00e0 l\u2019Islande, 2e journ\u00e9e des qualifications au Mondial 2026, ce mardi (20h45) au Parc de Princes, et passera des examens dans les jours \u00e0 venir.<\/p>\n<p class=\"fig-paragraph\">Ce vendredi sur la pelouse de Wroc\u0142aw (Pologne), Dou\u00e9 avait \u00e9t\u00e9 remplac\u00e9 d\u00e8s la mi-temps par Ousmane Demb\u00e9l\u00e9,\u00a0qui s\u2019est lui bless\u00e9 \u00e0 la cuisse gauche lors de son entr\u00e9e en jeu.\u00a0Un double coup dur pour\u00a0<a href=\"http:\/\/www.lefigaro.fr\/sports\/football\/coupe-du-monde\/ukraine-france-attaquant-du-psg-doue-touche-au-mollet-20250905\" data-fig-type=\"NewsFlash\" data-gtm-custom-categorie=\"navigation\" data-gtm-custom-action=\"crossclick\" data-gtm-custom-label=\"Contextuel\" data-gtm-event=\"customEventSPE\" data-fig-domain=\"LEFIGARO\" target=\"_blank\" rel=\"noopener\">un PSG \u00abfurieux\u00bb<\/a>\u00a0au moment de r\u00e9cup\u00e9rer ses deux joueurs plus t\u00f4t que pr\u00e9vu.<\/p>\n<p>                                    <a class=\"fig-a11y-skip a11y-hidden\" href=\"#fig-a11y-skip-main-inarticle\"><br \/>\n        Passer la publicit\u00e9<br \/>\n    <\/a><\/p>\n<p class=\"fig-paragraph\"><strong>\u00c0 VOIR AUSSI &#8211; <\/strong>\u00c9quipe de France\u00a0: les bizutages d\u2019Hugo Ekitike et Maghnes Akliouche<\/p>\n","protected":false},"excerpt":{"rendered":"Remplac\u00e9 \u00e0 la mi-temps lors de la victoire des Bleus face \u00e0 l\u2019Ukraine vendredi, l\u2019attaquant du PSG retourne&hellip;\n","protected":false},"author":2,"featured_media":371913,"comment_status":"","ping_status":"","sticky":false,"template":"","format":"standard","meta":{"footnotes":""},"categories":[1888],"tags":[1111,1928,11,1927,1640,1777,674,1011,27,12,1926,626,1925,25],"class_list":{"0":"post-371912","1":"post","2":"type-post","3":"status-publish","4":"format-standard","5":"has-post-thumbnail","7":"category-paris","8":"tag-actu","9":"tag-actu-paris","10":"tag-actualites","11":"tag-actualites-paris","12":"tag-desire-doue","13":"tag-eu","14":"tag-europe","15":"tag-fr","16":"tag-france","17":"tag-news","18":"tag-news-paris","19":"tag-paris","20":"tag-paris-news","21":"tag-republique-francaise"},"share_on_mastodon":{"url":"https:\/\/pubeurope.com\/@fr\/115160419093023475","error":""},"_links":{"self":[{"href":"https:\/\/www.europesays.com\/fr\/wp-json\/wp\/v2\/posts\/371912","targetHints":{"allow":["GET"]}}],"collection":[{"href":"https:\/\/www.europesays.com\/fr\/wp-json\/wp\/v2\/posts"}],"about":[{"href":"https:\/\/www.europesays.com\/fr\/wp-json\/wp\/v2\/types\/post"}],"author":[{"embeddable":true,"href":"https:\/\/www.europesays.com\/fr\/wp-json\/wp\/v2\/users\/2"}],"replies":[{"embeddable":true,"href":"https:\/\/www.europesays.com\/fr\/wp-json\/wp\/v2\/comments?post=371912"}],"version-history":[{"count":0,"href":"https:\/\/www.europesays.com\/fr\/wp-json\/wp\/v2\/posts\/371912\/revisions"}],"wp:featuredmedia":[{"embeddable":true,"href":"https:\/\/www.europesays.com\/fr\/wp-json\/wp\/v2\/media\/371913"}],"wp:attachment":[{"href":"https:\/\/www.europesays.com\/fr\/wp-json\/wp\/v2\/media?parent=371912"}],"wp:term":[{"taxonomy":"category","embeddable":true,"href":"https:\/\/www.europesays.com\/fr\/wp-json\/wp\/v2\/categories?post=371912"},{"taxonomy":"post_tag","embeddable":true,"href":"https:\/\/www.europesays.com\/fr\/wp-json\/wp\/v2\/tags?post=371912"}],"curies":[{"name":"wp","href":"https:\/\/api.w.org\/{rel}","templated":true}]}}