{"id":371916,"date":"2025-09-07T01:29:30","date_gmt":"2025-09-07T01:29:30","guid":{"rendered":"https:\/\/www.europesays.com\/fr\/371916\/"},"modified":"2025-09-07T01:29:30","modified_gmt":"2025-09-07T01:29:30","slug":"liste-des-combats-cartes-principale-et-preliminaire","status":"publish","type":"post","link":"https:\/\/www.europesays.com\/fr\/371916\/","title":{"rendered":"Liste des combats Cartes principale et pr\u00e9liminaire"},"content":{"rendered":"<p style=\"text-align: justify;\" align=\"justify\"><strong>UFC PARIS 4 \u2013 Voici la carte principale et la carte pr\u00e9liminaire de l\u2019UFC Paris 4 qui se d\u00e9roule ce samedi 6 septembre \u00e0 l\u2019Accor Arena.<\/strong><\/p>\n<p style=\"text-align: justify;\">Pour la quatri\u00e8me ann\u00e9e cons\u00e9cutive, l\u2019UFC pose ses valises \u00e0 Paris. L\u2019organisation am\u00e9ricaine a mis en t\u00eate d\u2019affiche un certain <strong>Nassourdine Imavov<\/strong> chez les poids moyens, et le Sniper jouera sans doute tr\u00e8s gros devant son public.<\/p>\n<p><a href=\"https:\/\/dicodusport.fr\/blog\/levolution-des-ufc-paris-depuis-la-premiere-carte-en-2022\/\" class=\"vlp-link\" title=\"L\u2019\u00e9volution des UFC Paris depuis la premi\u00e8re carte en 2022\" target=\"_blank\" rel=\"noopener\"><img loading=\"lazy\" decoding=\"async\" style=\"max-width: 792px;\" width=\"792\" height=\"445\" class=\"attachment-800x445 size-800x445 perfmatters-lazy\" alt=\"L\u2019\u00e9volution des UFC Paris depuis la premi\u00e8re carte en 2022\" src=\"https:\/\/www.europesays.com\/fr\/wp-content\/uploads\/2025\/09\/Levolution-des-UFC-Paris-depuis-la-premiere-carte-en-2022.png\"  data-\/><\/p>\n<p>L\u2019\u00e9volution des UFC Paris depuis la premi\u00e8re carte en 2022<\/p>\n<p>Le 6 septembre marquera la quatri\u00e8me \u00e9dition de l\u2019UFC Paris. L\u2019occasion de retracer l\u2019\u00e9volution des cartes depuis le lancement de l\u2019\u00e9v\u00e9nement en 2022.<\/p>\n<p>Lire l&rsquo;article<\/p>\n<p>dicodusport.fr<\/p>\n<p>Dernier effort pour Imavov<\/p>\n<p style=\"text-align: justify;\">En effet, <strong>Imavov<\/strong> est le n\u00b02 de la cat\u00e9gorie des poids moyens. Un statut acquis gr\u00e2ce \u00e0 plusieurs victoires impressionnantes, dont la derni\u00e8re en date, contre l\u2019ancien champion de la cat\u00e9gorie <strong>Israel Adesanya<\/strong> en f\u00e9vrier. Un succ\u00e8s par TKO qui l\u2019a clairement mis dans la lumi\u00e8re.<\/p>\n<p><a href=\"https:\/\/dicodusport.fr\/blog\/ufc-fight-night-250-nassourdine-imavov-eteint-israel-adesanya\/\" class=\"vlp-link\" title=\"UFC Fight Night 250 : Nassourdine Imavov \u00e9teint Israel Adesanya\" target=\"_blank\" rel=\"noopener\"><img loading=\"lazy\" decoding=\"async\" style=\"max-width: 792px;\" width=\"792\" height=\"445\" class=\"attachment-800x445 size-800x445 perfmatters-lazy\" alt=\"UFC Fight Night 250 Nassourdine Imavov \u00e9teint Israel Adesanya\" src=\"https:\/\/www.europesays.com\/fr\/wp-content\/uploads\/2025\/09\/UFC-Adesanya-Imavov-Liste-des-combats-Date-Heure-et-Chaine-TV.png\"  data-\/><\/p>\n<p>UFC Fight Night 250 : Nassourdine Imavov \u00e9teint Israel Adesanya<\/p>\n<p>UFC FIGHT NIGHT 250 &#8211; Le Fran\u00e7ais Nassourdine Imavov s\u2019est impos\u00e9 par TKO au R2 contre Israel Adesanya, en main event de l&rsquo;UFC Fight Night 250.<\/p>\n<p>Lire l&rsquo;article<\/p>\n<p>dicodusport.fr<\/p>\n<p style=\"text-align: justify;\">Son adversaire sera <strong>Caio Borralho<\/strong>, le n\u00b07 de la cat\u00e9gorie. Sans faire de bruit, le Br\u00e9silien a grimp\u00e9 dans la hi\u00e9rarchie, ayant notamment domin\u00e9 <strong>Jared Cannonier<\/strong>. De plus, il compte 17 victoires pour une d\u00e9faite en MMA et est invaincu \u00e0 l\u2019UFC. Mais l\u2019enjeu est de taille pour <strong>Imavov<\/strong> : en cas de victoire, il serait sans nul doute le challenger n\u00b01 de<a href=\"https:\/\/dicodusport.fr\/blog\/ufc-319-khamzat-chimaev-martyrise-dricus-du-plessis-tous-les-resultats-du-gala\/\" target=\"_blank\" rel=\"noopener\"><strong> Khamzat Chimaev<\/strong><\/a>, qui vient de d\u00e9crocher la ceinture chez les poids moyens. Une victoire pour un match pour le titre ensuite ? Reste le plus dur : gagner.<\/p>\n<p style=\"text-align: justify;\">L\u2019autre \u00e9v\u00e8nement de la soir\u00e9e, c\u2019est la pr\u00e9sence de <strong>Beno\u00eet Saint Denis<\/strong>. BSD sera pr\u00e9sent pour la quatri\u00e8me fois \u00e0 l\u2019UFC Paris, logique tant il est sur le papier une figure du MMA fran\u00e7ais. Mais apr\u00e8s deux victoires, <a href=\"https:\/\/dicodusport.fr\/blog\/ufc-paris-3-belle-soiree-pour-les-francais-malgre-la-defaite-de-benoit-saint-denis\/\" target=\"_blank\" rel=\"noopener\">il avait subi une cuisante d\u00e9faite l\u2019an dernier contre <strong>Renato Moicano<\/strong><\/a>, alors qu\u2019il \u00e9tait programm\u00e9 en main event. Il a donc beaucoup \u00e0 prouver contre <strong>Mauricio Ruffy<\/strong>, car une d\u00e9faite pourrait lui faire quitter le Top 15 de la cat\u00e9gorie des poids l\u00e9gers.<\/p>\n<p><a href=\"https:\/\/dicodusport.fr\/blog\/qui-sont-les-grands-oublies-de-lufc-paris-4\/\" class=\"vlp-link\" title=\"Qui sont les grands oubli\u00e9s de l\u2019UFC Paris 4 ?\" target=\"_blank\" rel=\"noopener\"><img loading=\"lazy\" decoding=\"async\" style=\"max-width: 792px;\" width=\"792\" height=\"445\" class=\"attachment-800x445 size-800x445 perfmatters-lazy\" alt=\"Qui sont les grands oubli\u00e9s de l\u2019UFC Paris 4\" src=\"https:\/\/www.europesays.com\/fr\/wp-content\/uploads\/2025\/09\/Qui-sont-les-grands-oublies-de-lUFC-Paris-4-.png\"  data-\/><\/p>\n<p>Qui sont les grands oubli\u00e9s de l\u2019UFC Paris 4 ?<\/p>\n<p>La carte de l\u2019UFC Paris 4 para\u00eet d\u00e9sormais compl\u00e8te, \u00e0 quelques jours de l\u2019\u00e9v\u00e9nement. Certaines t\u00eates d\u2019affiche du MMA fran\u00e7ais n\u2019en font pas partie, pour diverses raisons. Petit tour d\u2019horizon sur les combattants qui manqueront \u00e0 l\u2019appel<\/p>\n<p>Lire l&rsquo;article<\/p>\n<p>dicodusport.fr<\/p>\n<p style=\"text-align: justify;\">Il y aura 5 Fran\u00e7ais au total sur la carte de l\u2019UFC Paris 4. Grands habitu\u00e9s de l\u2019\u00e9v\u00e8nement, <strong>Oumar Sy<\/strong> et <strong>William Gomis<\/strong> ouvriront les d\u00e9bats sur la carte pr\u00e9liminaire. La curiosit\u00e9 sera la pr\u00e9sence d\u2019<strong>Axel Sola<\/strong>. Champion des poids mi-moyens de l\u2019ARES, il a profit\u00e9 d\u2019une opportunit\u00e9 de derni\u00e8re minute pour rejoindre la carte de l\u2019\u00e9v\u00e8nement. Le d\u00e9but d\u2019une ascension ? On rappelle que <strong>Far\u00e8s Ziam<\/strong>, pr\u00e9vu sur la carte principale, a renonc\u00e9 pour cause de deuil familial.<\/p>\n<p>\n<a href=\"https:\/\/dicodusport.fr\/blog\/offres\/abonnements-sans-pub\/\" target=\"_blank\" rel=\"noopener\"><img loading=\"lazy\" decoding=\"async\" class=\"alignnone size-full wp-image-501284 perfmatters-lazy\" alt=\"\" width=\"1200\" height=\"200\" src=\"https:\/\/www.europesays.com\/fr\/wp-content\/uploads\/2025\/04\/Abonnements-sans-pubs-Dicodusport.png\"\/><\/a><\/p>\n<p>Carte principale UFC Paris 4 (21h00) :<\/p>\n<ul style=\"text-align: justify;\">\n<li style=\"text-align: justify;\">\ud83c\uddeb\ud83c\uddf7 Nassourdine Imavov vs Caio Borralho \ud83c\udde7\ud83c\uddf7 (poids moyens)<\/li>\n<li>\ud83c\uddeb\ud83c\uddf7 Beno\u00eet Saint Denis vs Maur\u00edcio Ruffy \ud83c\udde7\ud83c\uddf7 (poids l\u00e9gers)<\/li>\n<li>\ud83c\uddf1\ud83c\uddf9 Modestas Bukauskas vs Paul Craig <img loading=\"lazy\" decoding=\"async\" class=\"alignnone wp-image-8797 perfmatters-lazy\" alt=\"\" width=\"16\" height=\"10\" src=\"https:\/\/www.europesays.com\/fr\/wp-content\/uploads\/2025\/09\/Drapeau-Ecosse-300x180.png\"  data-\/> (poids mi-lourds)<\/li>\n<li>\ud83c\udde7\ud83c\uddea Bolaji Oki vs Mason Jones <img loading=\"lazy\" decoding=\"async\" class=\"alignnone wp-image-3749 perfmatters-lazy\" alt=\"\" width=\"16\" height=\"10\" src=\"https:\/\/www.europesays.com\/fr\/wp-content\/uploads\/2025\/09\/Drapeau-Pays-de-Galles-300x180.png\"  data-\/> (poids l\u00e9gers)<\/li>\n<li>\ud83c\uddeb\ud83c\uddf7 Axel Sola vs Rhys McKee \ud83c\uddee\ud83c\uddea (poids mi-moyens)<\/li>\n<li>\ud83c\uddeb\ud83c\uddf7 William Gomis vs Robert Rucha\u0142a \ud83c\uddf5\ud83c\uddf1 (poids plume)<\/li>\n<\/ul>\n<p>Carte pr\u00e9liminaire UFC Paris 4 (18h00) :<\/p>\n<ul style=\"text-align: justify;\">\n<li style=\"text-align: justify;\">\ud83c\uddeb\ud83c\uddf7 Oumar Sy vs Brendson Ribeiro \ud83c\udde7\ud83c\uddf7 (poids mi-lourds)<\/li>\n<li style=\"text-align: justify;\">\ud83c\uddf5\ud83c\uddf1 Marcin Tybura vs Ante Delija \ud83c\udded\ud83c\uddf7 (poids lourds)<\/li>\n<li style=\"text-align: justify;\"><img loading=\"lazy\" decoding=\"async\" class=\"alignnone wp-image-3761 perfmatters-lazy\" alt=\"\" width=\"16\" height=\"10\" src=\"https:\/\/www.europesays.com\/fr\/wp-content\/uploads\/2025\/09\/Drapeau-Angleterre-300x180.png\"  data-\/> Harry Hardwick vs Kau\u00ea Fernandes \ud83c\udde7\ud83c\uddf7 (poids l\u00e9gers)<\/li>\n<li style=\"text-align: justify;\"><img loading=\"lazy\" decoding=\"async\" class=\"alignnone wp-image-3761 perfmatters-lazy\" alt=\"\" width=\"16\" height=\"10\" src=\"https:\/\/www.europesays.com\/fr\/wp-content\/uploads\/2025\/09\/Drapeau-Angleterre-300x180.png\"  data-\/> Sam Patterson vs Trey Waters \ud83c\uddfa\ud83c\uddf8 (poids mi-moyens)<\/li>\n<li style=\"text-align: justify;\">\ud83c\uddfa\ud83c\uddf8 Brad Tavares vs Robert Bryczek \ud83c\uddf5\ud83c\uddf1\u00a0(poids moyens)<\/li>\n<li style=\"text-align: justify;\">\ud83c\uddf8\ud83c\uddea Andreas Gustafsson vs Rinat Fakhretdinov \ud83c\uddf7\ud83c\uddfa (poids mi-moyens)<\/li>\n<li style=\"text-align: justify;\">\ud83c\uddee\ud83c\uddea Shauna Bannon vs Sam Hughes \ud83c\uddfa\ud83c\uddf8 (poids paille)<\/li>\n<\/ul>\n","protected":false},"excerpt":{"rendered":"UFC PARIS 4 \u2013 Voici la carte principale et la carte pr\u00e9liminaire de l\u2019UFC Paris 4 qui se&hellip;\n","protected":false},"author":2,"featured_media":371917,"comment_status":"","ping_status":"","sticky":false,"template":"","format":"standard","meta":{"footnotes":""},"categories":[1888],"tags":[11,23878,2113,1777,674,1011,27,23882,12,626,25,1849],"class_list":{"0":"post-371916","1":"post","2":"type-post","3":"status-publish","4":"format-standard","5":"has-post-thumbnail","7":"category-paris","8":"tag-actualites","9":"tag-benoit-saint-denis","10":"tag-breve","11":"tag-eu","12":"tag-europe","13":"tag-fr","14":"tag-france","15":"tag-nassourdine-imavov","16":"tag-news","17":"tag-paris","18":"tag-republique-francaise","19":"tag-ufc"},"share_on_mastodon":{"url":"https:\/\/pubeurope.com\/@fr\/115160427365984885","error":""},"_links":{"self":[{"href":"https:\/\/www.europesays.com\/fr\/wp-json\/wp\/v2\/posts\/371916","targetHints":{"allow":["GET"]}}],"collection":[{"href":"https:\/\/www.europesays.com\/fr\/wp-json\/wp\/v2\/posts"}],"about":[{"href":"https:\/\/www.europesays.com\/fr\/wp-json\/wp\/v2\/types\/post"}],"author":[{"embeddable":true,"href":"https:\/\/www.europesays.com\/fr\/wp-json\/wp\/v2\/users\/2"}],"replies":[{"embeddable":true,"href":"https:\/\/www.europesays.com\/fr\/wp-json\/wp\/v2\/comments?post=371916"}],"version-history":[{"count":0,"href":"https:\/\/www.europesays.com\/fr\/wp-json\/wp\/v2\/posts\/371916\/revisions"}],"wp:featuredmedia":[{"embeddable":true,"href":"https:\/\/www.europesays.com\/fr\/wp-json\/wp\/v2\/media\/371917"}],"wp:attachment":[{"href":"https:\/\/www.europesays.com\/fr\/wp-json\/wp\/v2\/media?parent=371916"}],"wp:term":[{"taxonomy":"category","embeddable":true,"href":"https:\/\/www.europesays.com\/fr\/wp-json\/wp\/v2\/categories?post=371916"},{"taxonomy":"post_tag","embeddable":true,"href":"https:\/\/www.europesays.com\/fr\/wp-json\/wp\/v2\/tags?post=371916"}],"curies":[{"name":"wp","href":"https:\/\/api.w.org\/{rel}","templated":true}]}}