{"id":371924,"date":"2025-09-07T01:33:35","date_gmt":"2025-09-07T01:33:35","guid":{"rendered":"https:\/\/www.europesays.com\/fr\/371924\/"},"modified":"2025-09-07T01:33:35","modified_gmt":"2025-09-07T01:33:35","slug":"royaume-uni-nouvelles-manifestations-contre-limmigration","status":"publish","type":"post","link":"https:\/\/www.europesays.com\/fr\/371924\/","title":{"rendered":"Royaume-Uni : nouvelles manifestations contre l&rsquo;immigration"},"content":{"rendered":"<p>            lire plus tard<\/p>\n<p id=\"dialog__title\" class=\"dialog__title\">Pour sauvegarder cet article, connectez-vous ou cr\u00e9ez un compte franceinfo<\/p>\n<p class=\"dialog__description\">Sans paiement. Sans abonnement.<\/p>\n<p>        Fermer la fen\u00eatre d\u2019activation des notifications France Info<\/p>\n<p>            cr\u00e9er votre compte<\/p>\n<p>            se connecter<\/p>\n<p>        Fermer la fen\u00eatre de pr\u00e9sentation<\/p>\n<p>    Publi\u00e9 le 06\/09\/2025 10:19<\/p>\n<p>        Temps de lecture : 1min &#8211; vid\u00e9o : 2min<\/p>\n<p>    <img decoding=\"async\" class=\"francetv-player-wrapper__image\" alt=\"Royaume-Uni : nouvelles manifestations contre l'immigration\"  width=\"432\" height=\"243\" src=\"https:\/\/www.europesays.com\/fr\/wp-content\/uploads\/2025\/09\/r-u-immigration-23h-1-68bbeccc117ae703674302.jpg\" fetchpriority=\"high\"\/><\/p>\n<p>              Royaume-Uni : nouvelles manifestations contre l&rsquo;immigration<br \/>\n                    (Franceinfo)<\/p>\n<p>      2min<\/p>\n<p>\n  Au Royaume-Uni, des manifestations anti-immigration ont cibl\u00e9 plusieurs h\u00f4tels h\u00e9bergeant des demandeurs d&rsquo;asile. Des rassemblements qui profitent au parti d&rsquo;extr\u00eame droite \u00ab\u00a0Reform UK\u00a0\u00bb guid\u00e9 par Nigel Farage.\n<\/p>\n<p><strong>Ce texte correspond \u00e0 une partie de la retranscription du reportage ci-dessus. Cliquez sur la vid\u00e9o pour la regarder en int\u00e9gralit\u00e9.<\/strong><\/p>\n<p><a href=\"https:\/\/www.franceinfo.fr\/monde\/royaume-uni\/reportage-on-est-la-pour-proteger-nos-enfants-qui-sont-les-pink-ladies-ces-femmes-britanniques-qui-manifestent-contre-les-migrants_7470175.html#:~:text=Le%20mouvement%20anti%2Dimmigration%20essaime,asile%20en%20attente%20de%20r%C3%A9gularisation.\" target=\"_blank\" rel=\"noopener nofollow\">Des centaines de manifestants<\/a> se sont rassembl\u00e9s \u00e0 quelques m\u00e8tres d&rsquo;un h\u00f4tel o\u00f9 vivent des demandeurs d&rsquo;asile. Drapeaux de l&rsquo;Union Jack et de l&rsquo;Angleterre \u00e0 la main, ils manifestent contre l&rsquo;h\u00e9bergement de migrants. Une col\u00e8re n\u00e9e en juillet dernier apr\u00e8s l&rsquo;arrestation d&rsquo;un demandeur d&rsquo;asile \u00e9thiopien reconnu coupable hier d&rsquo;agression sexuelle sur une adolescente de 14 ans et sur une autre femme. Chaque week-end, des rassemblements ont lieu devant les quelques 200 h\u00f4tels o\u00f9 sont accueillis pr\u00e8s de 32 000 demandeurs d&rsquo;asile.<\/p>\n<p>Ces manifestations anti-immigration ont \u00e9t\u00e9 initi\u00e9es sur les r\u00e9seaux sociaux par des membres actuels ou anciens de groupes d&rsquo;extr\u00eame droite, fascistes ou n\u00e9onazis, et font les affaires d&rsquo;un homme : Nigel Farage, dont le parti d&rsquo;extr\u00eame droite, Reform UK, a fait de l&rsquo;immigration son cheval de bataille. En t\u00eate des sondages, il affirme devant ses partisans \u00eatre en bonne position pour devenir le prochain Premier ministre.<\/p>\n<p>\u00ab\u00a0Au milieu de cet effondrement des deux partis qui ont domin\u00e9 la politique britannique pendant cent ans, il y a un nouveau parti, fort et unifi\u00e9, qui parle d&rsquo;une seule voix. Nous sommes le parti qui d\u00e9fend les honn\u00eates travailleurs, et nous sommes le parti en plein essor,\u00a0\u00bb a d\u00e9clar\u00e9 Nigel Farage.<br \/>De son c\u00f4t\u00e9, le gouvernement britannique a annonc\u00e9 qu&rsquo;il suspendait le regroupement familial pour les r\u00e9fugi\u00e9s. Entre juin 2024 et juin 2025, plus de 111 000 personnes ont demand\u00e9 l&rsquo;asile au Royaume-Uni, le nombre le plus \u00e9lev\u00e9 jamais enregistr\u00e9 depuis 2001.<\/p>\n","protected":false},"excerpt":{"rendered":"lire plus tard Pour sauvegarder cet article, connectez-vous ou cr\u00e9ez un compte franceinfo Sans paiement. Sans abonnement. Fermer&hellip;\n","protected":false},"author":2,"featured_media":371925,"comment_status":"","ping_status":"","sticky":false,"template":"","format":"standard","meta":{"footnotes":""},"categories":[1588],"tags":[11,1777,674,12,473,1853,1851,1850,1852],"class_list":{"0":"post-371924","1":"post","2":"type-post","3":"status-publish","4":"format-standard","5":"has-post-thumbnail","7":"category-royaume-uni","8":"tag-actualites","9":"tag-eu","10":"tag-europe","11":"tag-news","12":"tag-royaume-uni","13":"tag-royaume-uni-de-grande-bretagne-et-dirlande-du-nord","14":"tag-uk","15":"tag-united-kingdom","16":"tag-united-kingdom-of-great-britain-and-northern-ireland"},"share_on_mastodon":{"url":"https:\/\/pubeurope.com\/@fr\/115160442738150054","error":""},"_links":{"self":[{"href":"https:\/\/www.europesays.com\/fr\/wp-json\/wp\/v2\/posts\/371924","targetHints":{"allow":["GET"]}}],"collection":[{"href":"https:\/\/www.europesays.com\/fr\/wp-json\/wp\/v2\/posts"}],"about":[{"href":"https:\/\/www.europesays.com\/fr\/wp-json\/wp\/v2\/types\/post"}],"author":[{"embeddable":true,"href":"https:\/\/www.europesays.com\/fr\/wp-json\/wp\/v2\/users\/2"}],"replies":[{"embeddable":true,"href":"https:\/\/www.europesays.com\/fr\/wp-json\/wp\/v2\/comments?post=371924"}],"version-history":[{"count":0,"href":"https:\/\/www.europesays.com\/fr\/wp-json\/wp\/v2\/posts\/371924\/revisions"}],"wp:featuredmedia":[{"embeddable":true,"href":"https:\/\/www.europesays.com\/fr\/wp-json\/wp\/v2\/media\/371925"}],"wp:attachment":[{"href":"https:\/\/www.europesays.com\/fr\/wp-json\/wp\/v2\/media?parent=371924"}],"wp:term":[{"taxonomy":"category","embeddable":true,"href":"https:\/\/www.europesays.com\/fr\/wp-json\/wp\/v2\/categories?post=371924"},{"taxonomy":"post_tag","embeddable":true,"href":"https:\/\/www.europesays.com\/fr\/wp-json\/wp\/v2\/tags?post=371924"}],"curies":[{"name":"wp","href":"https:\/\/api.w.org\/{rel}","templated":true}]}}