{"id":371926,"date":"2025-09-07T01:34:14","date_gmt":"2025-09-07T01:34:14","guid":{"rendered":"https:\/\/www.europesays.com\/fr\/371926\/"},"modified":"2025-09-07T01:34:14","modified_gmt":"2025-09-07T01:34:14","slug":"calgary-la-grande-bretagne-simpose-avec-des-jeunes-devant-lallemagne-et-les-etats-unis","status":"publish","type":"post","link":"https:\/\/www.europesays.com\/fr\/371926\/","title":{"rendered":"Calgary : la Grande-Bretagne s\u2019impose avec des jeunes, devant l\u2019Allemagne et les Etats-Unis."},"content":{"rendered":"<p>C\u2019\u00e9tait le British Day ce samedi \u00e0 Calgary, en pr\u00e9sence de la Duchesse Sophie d\u2019Edimbourg, l\u2019\u00e9pouse du Prince Edward, d\u2019un large public et d\u2019un beau soleil (26\u00b0 \u00e0 l\u2019ombre). L\u2019\u00e9t\u00e9 indien\u00a0! Nullement impressionn\u00e9 par tout \u00e7a, Donald Whitaker a assur\u00e9 le sans-faute avec sa g\u00e9niale grise Millfield Colette pour donner la victoire aux siens, Ben Maher, Jo Stockdale, tous deux parfaits aussi, et Matthew Sampson.<\/p>\n<p>A l\u2019inverse, Richard Vogel a craqu\u00e9 sur l\u2019ultime obstacle, un oxer sur bidet, avec Cloudio, ce qui rel\u00e9guait sa compagne Sophie Hinners et Daniel Deusser, tous deux impeccables, ainsi que Christian Kukuk (une barre) au 2e\u00a0rang. Les Etats-Unis \u00e9taient rel\u00e9gu\u00e9s \u00e0 la 3e place \u00e0 cause du chrono. Suivaient l\u2019Irlande, 4e\u00a0ave 8 pts, la Belgique pr\u00e9sentant trois Philippaerts, 5e\u00a0avec 20 pts, et le Br\u00e9sil, 6e\u00a0avec 24 pts.<\/p>\n<p>Ecart\u00e9s apr\u00e8s la 1\u00e8re\u00a0manche, la France, les Pays-Bas, le Canada, l\u2019Autriche, derni\u00e8re europ\u00e9enne et donc non-invit\u00e9e en \u00e9quipe l\u2019an prochain, et le Mexique \u00e9taient forc\u00e9ment tr\u00e8s d\u00e9\u00e7us.<\/p>\n<p>Place maintenant au Masters, \u00e9tape du Rolex Grand Slam dot\u00e9e de 3 millions de nos francs, avec nos deux Suisses au repos ce samedi, Martin Fuchs, victorieux l\u2019an pass\u00e9 ici et \u00e0 Aix en juillet avec Leone Jei, et Steve Guerdat, d\u00e9j\u00e0 1er, 3e\u00a0et 4e\u00a0de cette \u00e9preuve avec Venard de Cerisy, qui n\u2019a pas fait de barre depuis mercredi. A\u00a0suivre gratuitement ce dimanche sur le site du Rolex Grand Slam of Show Jumping d\u00e8s 21h (13h au Canada).<\/p>\n<p>Alban Poudret<\/p>\n","protected":false},"excerpt":{"rendered":"C\u2019\u00e9tait le British Day ce samedi \u00e0 Calgary, en pr\u00e9sence de la Duchesse Sophie d\u2019Edimbourg, l\u2019\u00e9pouse du Prince&hellip;\n","protected":false},"author":2,"featured_media":371927,"comment_status":"","ping_status":"","sticky":false,"template":"","format":"standard","meta":{"footnotes":""},"categories":[1587],"tags":[26664,11,26679,672,26670,26693,18121,26700,26676,1804,26691,26662,26707,26709,26708,12668,26715,26668,26665,26678,451,26688,2622,1805,1803,25248,26722,26695,12219,26711,1777,674,26681,26721,1801,26702,26675,26689,11462,26719,26703,26686,26696,26698,26716,3996,26710,26669,26699,26705,26685,26674,26697,26682,26692,26706,12,26667,26680,26701,26677,26718,26672,26723,26724,26704,26712,1802,26673,699,26687,26713,2004,26666,26690,26694,26720,26663,26684,26683,26671,26714,26717],"class_list":{"0":"post-371926","1":"post","2":"type-post","3":"status-publish","4":"format-standard","5":"has-post-thumbnail","7":"category-allemagne","8":"tag-actualite-equestre","9":"tag-actualites","10":"tag-alban-poudret","11":"tag-allemagne","12":"tag-attelage","13":"tag-baloubet-du-rouet","14":"tag-barre","15":"tag-beat-mandli","16":"tag-beerbaum","17":"tag-bundesrepublik-deutschland","18":"tag-calvaro","19":"tag-cavalier","20":"tag-cavalier-romand","21":"tag-cavalier-suisse","22":"tag-cavaliers-romands","23":"tag-cheval","24":"tag-christina-liebherr","25":"tag-concours-complet","26":"tag-concours-hippique","27":"tag-concours-hippique-international-de-geneve","28":"tag-coupe-du-monde","29":"tag-coupe-du-monde-rolex-fei","30":"tag-courses","31":"tag-de","32":"tag-deutschland","33":"tag-dressage","34":"tag-equipub","35":"tag-eric-lamaze","36":"tag-et","37":"tag-etalon","38":"tag-eu","39":"tag-europe","40":"tag-fuchs","41":"tag-geneva-palexpo","42":"tag-germany","43":"tag-global-champions-tour","44":"tag-guerdat","45":"tag-hickstead","46":"tag-hippisme","47":"tag-iena","48":"tag-isabel-werth","49":"tag-jalisca-solier","50":"tag-jappeloup","51":"tag-jeunes-cavaliers","52":"tag-jeux-equestres-mondiaux","53":"tag-jeux-olympiques","54":"tag-journal-equestre","55":"tag-jumping","56":"tag-juniors","57":"tag-lausanne","58":"tag-leprevost","59":"tag-magazine-equestre","60":"tag-marcus-ehning","61":"tag-martin-fuchs","62":"tag-milton","63":"tag-mulet","64":"tag-news","65":"tag-obstacles","66":"tag-pessoa","67":"tag-piste-de-concours","68":"tag-pius-schwizer","69":"tag-pmu","70":"tag-polo","71":"tag-publicite-hippique","72":"tag-publicite-hippisme","73":"tag-pully","74":"tag-reproduction","75":"tag-republique-federale-dallemagne","76":"tag-revue-equestre","77":"tag-rolex","78":"tag-rolex-fei","79":"tag-rolf-goran-bengtsson","80":"tag-roman","81":"tag-saut","82":"tag-shutterfly","83":"tag-silvana-de-hus","84":"tag-sophie-mottu","85":"tag-sports-equestres","86":"tag-staut","87":"tag-steve-guerdat","88":"tag-voltige","89":"tag-wild-card","90":"tag-world-equestrian-games"},"share_on_mastodon":{"url":"","error":"Validation failed: Text character limit of 500 exceeded"},"_links":{"self":[{"href":"https:\/\/www.europesays.com\/fr\/wp-json\/wp\/v2\/posts\/371926","targetHints":{"allow":["GET"]}}],"collection":[{"href":"https:\/\/www.europesays.com\/fr\/wp-json\/wp\/v2\/posts"}],"about":[{"href":"https:\/\/www.europesays.com\/fr\/wp-json\/wp\/v2\/types\/post"}],"author":[{"embeddable":true,"href":"https:\/\/www.europesays.com\/fr\/wp-json\/wp\/v2\/users\/2"}],"replies":[{"embeddable":true,"href":"https:\/\/www.europesays.com\/fr\/wp-json\/wp\/v2\/comments?post=371926"}],"version-history":[{"count":0,"href":"https:\/\/www.europesays.com\/fr\/wp-json\/wp\/v2\/posts\/371926\/revisions"}],"wp:featuredmedia":[{"embeddable":true,"href":"https:\/\/www.europesays.com\/fr\/wp-json\/wp\/v2\/media\/371927"}],"wp:attachment":[{"href":"https:\/\/www.europesays.com\/fr\/wp-json\/wp\/v2\/media?parent=371926"}],"wp:term":[{"taxonomy":"category","embeddable":true,"href":"https:\/\/www.europesays.com\/fr\/wp-json\/wp\/v2\/categories?post=371926"},{"taxonomy":"post_tag","embeddable":true,"href":"https:\/\/www.europesays.com\/fr\/wp-json\/wp\/v2\/tags?post=371926"}],"curies":[{"name":"wp","href":"https:\/\/api.w.org\/{rel}","templated":true}]}}