{"id":371928,"date":"2025-09-07T01:35:19","date_gmt":"2025-09-07T01:35:19","guid":{"rendered":"https:\/\/www.europesays.com\/fr\/371928\/"},"modified":"2025-09-07T01:35:19","modified_gmt":"2025-09-07T01:35:19","slug":"hausse-en-vue-en-europe-avant-le-rapport-sur-lemploi-us","status":"publish","type":"post","link":"https:\/\/www.europesays.com\/fr\/371928\/","title":{"rendered":"Hausse en vue en Europe avant le rapport sur l&#8217;emploi US"},"content":{"rendered":"<p>Les march\u00e9s actions europ\u00e9ens sont attendus sur une note positive \u00e0 l&rsquo;ouverture de la derni\u00e8re s\u00e9ance de la semaine. Les investisseurs surveilleront de pr\u00e8s le rapport mensuel sur l&#8217;emploi en ao\u00fbt. Le PIB trimestriel de la zone euro sera \u00e9galement scrut\u00e9. C\u00f4t\u00e9 valeurs, Viel et Compagnie a fait \u00e9tat d&rsquo;un premier semestre robuste. Selon le Financial Times, l&rsquo;\u00e9quipementier a\u00e9ronautique Safran envisage de vendre ses actifs dans le domaine de l&rsquo;am\u00e9nagement des int\u00e9rieurs d&rsquo;avions, \u00e0 l&rsquo;exception des si\u00e8ges, a rapport\u00e9 ce vendredi le Financial Times.<\/p>\n<p><b>Les valeurs \u00e0 suivre aujourd&rsquo;hui<\/b><\/p>\n<p><b>Linedata<\/b><br \/>Au premier semestre 2025, Linedata a enregistr\u00e9 un chiffre d&rsquo;affaires de 86,6 millions d&rsquo;euros, en diminution de 3,5% en donn\u00e9es publi\u00e9es. A p\u00e9rim\u00e8tre et taux de change constants, la d\u00e9croissance s&rsquo;\u00e9tablit \u00e0 3,7%. L&rsquo;Ebitda consolid\u00e9 sur ce semestre ressort \u00e0 18,6 millions d&rsquo;euros (21,5% du CA), soit une baisse de 3,3 millions d&rsquo;euros par rapport \u00e0 la m\u00eame p\u00e9riode de l&rsquo;exercice pr\u00e9c\u00e9dent.<\/p>\n<p><b>Samse<br \/><\/b>Samse, groupe sp\u00e9cialis\u00e9 dans la distribution de mat\u00e9riaux de construction pour le b\u00e2timent et l&rsquo;habitat, a d\u00e9voil\u00e9 ses r\u00e9sultats du premier semestre, faisant ressortir un r\u00e9sultat net de 1,2 millions d&rsquo;euros, en chute de 86%. Le r\u00e9sultat op\u00e9rationnel courant s&rsquo;affiche en recul de 48% \u00e0 8,2 millions d&rsquo;euros. Le taux de marge op\u00e9rationnelle s&rsquo;\u00e9tablit \u00e0 0,81% contre 1,65% un an plus t\u00f4t \u00e0 la m\u00eame p\u00e9riode. Le chiffre d\u2019affaires consolid\u00e9 atteint 1,05 milliards d&rsquo;euros, en progression de 4,6%. A p\u00e9rim\u00e8tre comparable, le chiffre d\u2019affaires ressort en repli de 6,3%.<\/p>\n<p><b>Stef<\/b><br \/>Au premier semestre, Stef a g\u00e9n\u00e9r\u00e9 un chiffre d&rsquo;affaires de 2,47 milliards d&rsquo;euros, soit une hausse de 6,4%. \u00a0\u00bb Notre activit\u00e9 est bien orient\u00e9e sur ce premier semestre, mais les r\u00e9sultats sont impact\u00e9s par trois \u00e9v\u00e8nements exceptionnels d\u00e9favorables : une r\u00e9gularisation exceptionnelle de TVA en Italie, le renforcement de la pression fiscale en France et les co\u00fbts d\u2019int\u00e9gration des derni\u00e8res acquisitions au Benelux \u00ab\u00a0, a d\u00e9clar\u00e9 Stanislas Lemor, PDG du groupe. Le r\u00e9sultat op\u00e9rationnel a recul\u00e9 de 47,6% \u00e0 55,9 millions d&rsquo;euros sur cette p\u00e9riode.<\/p>\n<p><b>Viel et Compagnie<\/b><br \/>Viel et Compagnie a d\u00e9voil\u00e9 ses r\u00e9sultats du premier semestre d&rsquo;o\u00f9 ressort un r\u00e9sultat net part du groupe de 69,2 millions d&rsquo;euros, en croissance de 6,4%, \u00e0 cours de change constants. Le r\u00e9sultat d&rsquo;exploitation s&rsquo;affiche en hausse de 26,3% \u00e0 103,7 millions d&rsquo;euros. Le chiffre d&rsquo;affaires s&rsquo;affiche sur la p\u00e9riode \u00e0 9,9% \u00e0 653,5 millions d&rsquo;euros.<\/p>\n<p><b>Les chiffres macro\u00e9conomiques<\/b><\/p>\n<p>En France, la balance commerciale en juillet sera connue \u00e0 8h45.\u00a0<\/p>\n<p>La nouvelle estimation du PIB au deuxi\u00e8me trimestre en zone euro sera d\u00e9voil\u00e9e \u00e0 11h00.\u00a0<\/p>\n<p>Aux Etats-Unis, le rapport sur l&#8217;emploi pour ao\u00fbt sera communiqu\u00e9 \u00e0 14h30.\u00a0<\/p>\n<p>Vers 8h30, l&rsquo;euro glane 0,25% \u00e0 1,1673 dollar.<\/p>\n<p><b>Hier \u00e0 Paris<\/b><\/p>\n<p>Les Bourses europ\u00e9ennes ont progress\u00e9 \u00e0 l&rsquo;exception de Paris au terme d&rsquo;une s\u00e9ance marqu\u00e9e par des cr\u00e9ations d&#8217;emplois d\u00e9cevantes dans le secteur priv\u00e9 aux Etats-Unis. Le rapport officiel sur le march\u00e9 du travail est \u00e0 suivre, demain. Pour la deuxi\u00e8me s\u00e9ance d&rsquo;affil\u00e9e, la tension s&rsquo;est apais\u00e9e sur les march\u00e9s obligataires. A Paris, Sanofi a chut\u00e9 apr\u00e8s les r\u00e9sultats d&rsquo;une \u00e9tude pour l&rsquo;amlitelimab. L&rsquo;indice CAC 40 a perdu 0,27% \u00e0 7698,92 points. L&rsquo;EuroStoxx50 a gagn\u00e9 0,49% \u00e0 5350,97 points.<\/p>\n<p><b>Hier \u00e0 Wall Street<\/b><\/p>\n<p>Les march\u00e9s am\u00e9ricains ont cl\u00f4tur\u00e9 sur une note positive. Le secteur priv\u00e9 a cr\u00e9\u00e9 moins d&#8217;emplois qu&rsquo;attendu en ao\u00fbt, selon le rapport ADP. Les investisseurs prendront connaissance ce vendredi du rapport mensuel sur l&#8217;emploi. C\u00f4t\u00e9 valeurs, Salesforce a fini \u00e0 la derni\u00e8re place de l&rsquo;indice Dow Jones sur fond de perspectives d\u00e9cevantes. American Eagle Outfitters s&rsquo;est envol\u00e9 apr\u00e8s avoir annonc\u00e9 des pr\u00e9visions de ventes sup\u00e9rieures aux estimations. Le Dow Jones s&rsquo;est adjug\u00e9 077% \u00e0 45621 points tandis que le Nasdaq a progress\u00e9 de 0,98% \u00e0 21707 points. Le S&amp;P a enregistr\u00e9 un record de cl\u00f4ture. <\/p>\n<p class=\"source\">source : AOF<\/p>\n<p>\u00a0\u25a0<\/p>\n","protected":false},"excerpt":{"rendered":"Les march\u00e9s actions europ\u00e9ens sont attendus sur une note positive \u00e0 l&rsquo;ouverture de la derni\u00e8re s\u00e9ance de la&hellip;\n","protected":false},"author":2,"featured_media":371929,"comment_status":"","ping_status":"","sticky":false,"template":"","format":"standard","meta":{"footnotes":""},"categories":[1586],"tags":[11,1777,674,1011,27,12,25],"class_list":{"0":"post-371928","1":"post","2":"type-post","3":"status-publish","4":"format-standard","5":"has-post-thumbnail","7":"category-europe","8":"tag-actualites","9":"tag-eu","10":"tag-europe","11":"tag-fr","12":"tag-france","13":"tag-news","14":"tag-republique-francaise"},"share_on_mastodon":{"url":"https:\/\/pubeurope.com\/@fr\/115160450585754345","error":""},"_links":{"self":[{"href":"https:\/\/www.europesays.com\/fr\/wp-json\/wp\/v2\/posts\/371928","targetHints":{"allow":["GET"]}}],"collection":[{"href":"https:\/\/www.europesays.com\/fr\/wp-json\/wp\/v2\/posts"}],"about":[{"href":"https:\/\/www.europesays.com\/fr\/wp-json\/wp\/v2\/types\/post"}],"author":[{"embeddable":true,"href":"https:\/\/www.europesays.com\/fr\/wp-json\/wp\/v2\/users\/2"}],"replies":[{"embeddable":true,"href":"https:\/\/www.europesays.com\/fr\/wp-json\/wp\/v2\/comments?post=371928"}],"version-history":[{"count":0,"href":"https:\/\/www.europesays.com\/fr\/wp-json\/wp\/v2\/posts\/371928\/revisions"}],"wp:featuredmedia":[{"embeddable":true,"href":"https:\/\/www.europesays.com\/fr\/wp-json\/wp\/v2\/media\/371929"}],"wp:attachment":[{"href":"https:\/\/www.europesays.com\/fr\/wp-json\/wp\/v2\/media?parent=371928"}],"wp:term":[{"taxonomy":"category","embeddable":true,"href":"https:\/\/www.europesays.com\/fr\/wp-json\/wp\/v2\/categories?post=371928"},{"taxonomy":"post_tag","embeddable":true,"href":"https:\/\/www.europesays.com\/fr\/wp-json\/wp\/v2\/tags?post=371928"}],"curies":[{"name":"wp","href":"https:\/\/api.w.org\/{rel}","templated":true}]}}