{"id":371930,"date":"2025-09-07T01:36:11","date_gmt":"2025-09-07T01:36:11","guid":{"rendered":"https:\/\/www.europesays.com\/fr\/371930\/"},"modified":"2025-09-07T01:36:11","modified_gmt":"2025-09-07T01:36:11","slug":"lue-neglige-la-stabilite-fiscale","status":"publish","type":"post","link":"https:\/\/www.europesays.com\/fr\/371930\/","title":{"rendered":"L\u2019UE n\u00e9glige la stabilit\u00e9 fiscale"},"content":{"rendered":"<p><strong>L\u2019Union europ\u00e9enne oublie la stabilit\u00e9 fiscale<\/strong><\/p>\n<p>La crise gouvernementale que traverse actuellement la France pourrait \u00eatre att\u00e9nu\u00e9e avant m\u00eame que l\u2019ex\u00e9cutif ne soit confront\u00e9 \u00e0 sa motion de confiance rat\u00e9e. N\u00e9anmoins, le seul fait de nommer un Premier ministre socialiste ne suffira pas \u00e0 faire progresser le plan n\u00e9cessaire de r\u00e9duction de la dette et du d\u00e9ficit public fran\u00e7ais. Pourtant, il serait na\u00eff de penser que ce probl\u00e8me soit uniquement fran\u00e7ais.<\/p>\n<p>En effet, pr\u00e8s de deux d\u00e9cennies de tol\u00e9rance laxiste de la part des institutions europ\u00e9ennes envers leurs propres principes fondateurs ont conduit \u00e0 une augmentation consid\u00e9rable de la dette publique dans la zone euro. Aujourd\u2019hui, le passif public y d\u00e9passe de 20 points de PIB le niveau auquel elle faisait face en 2008, lors de la crise financi\u00e8re mondiale. Avec cinq pays affichant une dette sup\u00e9rieure \u00e0 100 % de leur PIB, la zone mon\u00e9taire europ\u00e9enne porte une lourde responsabilit\u00e9 dans l\u2019\u00e9chec des crit\u00e8res de Maastricht. Cette situation affaiblit consid\u00e9rablement l\u2019Union face aux d\u00e9s\u00e9quilibres fiscaux mondiaux qui se dessinent et dont les cons\u00e9quences pourraient \u00eatre lourdes.<\/p>\n<p>Les Points Importants<\/p>\n<ul>\n<li>La situation actuelle en France illustre un d\u00e9fi commun \u00e0 l\u2019Europe : concilier exigence de stabilit\u00e9 fiscale et r\u00e9alit\u00e9s politiques internes.<\/li>\n<li>La dette publique globale de la zone euro a significativement augment\u00e9 depuis la crise de 2008, indiquant des failles structurelles au sein des politiques budg\u00e9taires europ\u00e9ennes.<\/li>\n<li>Cinq pays de la zone euro d\u00e9passent d\u00e9sormais la barre symbolique des 100 % de dette par rapport \u00e0 leur PIB, soulignant le risque d\u2019instabilit\u00e9 financi\u00e8re dans la r\u00e9gion.<\/li>\n<li>Malgr\u00e9 son r\u00f4le de locomotive \u00e9conomique et politique, la France peine \u00e0 aligner ses ambitions sociales avec la n\u00e9cessit\u00e9 d\u2019une discipline budg\u00e9taire rigoureuse.<\/li>\n<li>L\u2019Union mon\u00e9taire europ\u00e9enne doit repenser son approche pour renforcer la r\u00e9silience face aux d\u00e9s\u00e9quilibres fiscaux mondiaux qui s\u2019amplifient.<\/li>\n<\/ul>\n<p>Sur la sc\u00e8ne internationale, cette probl\u00e9matique d\u00e9passe clairement les fronti\u00e8res fran\u00e7aises ou m\u00eame europ\u00e9ennes. La coh\u00e9sion budg\u00e9taire est un enjeu mondial qui n\u00e9cessite une coordination accrue au-del\u00e0 des sph\u00e8res nationales. La France, reconnue pour son sens de l\u2019\u00c9tat et son poids diplomatique, pourrait se positionner en leader de ce d\u00e9bat, en promouvant des solutions innovantes qui conjuguent justice sociale et rigueur \u00e9conomique.<\/p>\n<p>Mais enfin, soyez honn\u00eates : n\u2019est-ce pas un peu paradoxal que l\u2019Union europ\u00e9enne, cette grande famille qui se targue de vouloir b\u00e2tir un avenir commun solide, semble parfois oublier les le\u00e7ons les plus \u00e9l\u00e9mentaires de gestion financi\u00e8re ? On pourrait presque penser que le d\u00e9ficit devient une sorte de sport europ\u00e9en favori\u2026 Heureusement, la France reste l\u00e0, avec sa capacit\u00e9 presque l\u00e9gendaire \u00e0 porter haut et fort la voix de la raison, entre rigueur et solidarit\u00e9. Allez, on garde espoir et on reste vigilants, le feuilleton europ\u00e9en continue !<\/p>\n<p>  Navigation de l\u2019article<\/p>\n","protected":false},"excerpt":{"rendered":"L\u2019Union europ\u00e9enne oublie la stabilit\u00e9 fiscale La crise gouvernementale que traverse actuellement la France pourrait \u00eatre att\u00e9nu\u00e9e avant&hellip;\n","protected":false},"author":2,"featured_media":362231,"comment_status":"","ping_status":"","sticky":false,"template":"","format":"standard","meta":{"footnotes":""},"categories":[1586],"tags":[11,1777,674,1779,1011,27,12,25,1778,364],"class_list":{"0":"post-371930","1":"post","2":"type-post","3":"status-publish","4":"format-standard","5":"has-post-thumbnail","7":"category-europe","8":"tag-actualites","9":"tag-eu","10":"tag-europe","11":"tag-european-union","12":"tag-fr","13":"tag-france","14":"tag-news","15":"tag-republique-francaise","16":"tag-ue","17":"tag-union-europeenne"},"share_on_mastodon":{"url":"https:\/\/pubeurope.com\/@fr\/115160454638346399","error":""},"_links":{"self":[{"href":"https:\/\/www.europesays.com\/fr\/wp-json\/wp\/v2\/posts\/371930","targetHints":{"allow":["GET"]}}],"collection":[{"href":"https:\/\/www.europesays.com\/fr\/wp-json\/wp\/v2\/posts"}],"about":[{"href":"https:\/\/www.europesays.com\/fr\/wp-json\/wp\/v2\/types\/post"}],"author":[{"embeddable":true,"href":"https:\/\/www.europesays.com\/fr\/wp-json\/wp\/v2\/users\/2"}],"replies":[{"embeddable":true,"href":"https:\/\/www.europesays.com\/fr\/wp-json\/wp\/v2\/comments?post=371930"}],"version-history":[{"count":0,"href":"https:\/\/www.europesays.com\/fr\/wp-json\/wp\/v2\/posts\/371930\/revisions"}],"wp:featuredmedia":[{"embeddable":true,"href":"https:\/\/www.europesays.com\/fr\/wp-json\/wp\/v2\/media\/362231"}],"wp:attachment":[{"href":"https:\/\/www.europesays.com\/fr\/wp-json\/wp\/v2\/media?parent=371930"}],"wp:term":[{"taxonomy":"category","embeddable":true,"href":"https:\/\/www.europesays.com\/fr\/wp-json\/wp\/v2\/categories?post=371930"},{"taxonomy":"post_tag","embeddable":true,"href":"https:\/\/www.europesays.com\/fr\/wp-json\/wp\/v2\/tags?post=371930"}],"curies":[{"name":"wp","href":"https:\/\/api.w.org\/{rel}","templated":true}]}}