{"id":371931,"date":"2025-09-07T01:37:12","date_gmt":"2025-09-07T01:37:12","guid":{"rendered":"https:\/\/www.europesays.com\/fr\/371931\/"},"modified":"2025-09-07T01:37:12","modified_gmt":"2025-09-07T01:37:12","slug":"le-psg-prend-la-parole-apres-les-blessures-de-dembele-et-doue-lors-du-match-ukraine-france","status":"publish","type":"post","link":"https:\/\/www.europesays.com\/fr\/371931\/","title":{"rendered":"Le PSG prend la parole apr\u00e8s les blessures de Demb\u00e9l\u00e9 et Dou\u00e9 lors du match Ukraine-France"},"content":{"rendered":"<p>Ousmane Demb\u00e9l\u00e9 et D\u00e9sir\u00e9 Dou\u00e9 sont forfait pour le deuxi\u00e8me match de l&rsquo;\u00e9quipe de France dans ces \u00e9liminatoires de la Coupe du monde 2026, lundi face \u00e0 l&rsquo;Islande. Les deux joueurs parisiens se sont bless\u00e9s contre l&rsquo;Ukraine vendredi. Dans un communiqu\u00e9, le PSG a confirm\u00e9 la nature de ces blessures.<\/p>\n<p>Pas une phrase sur la pol\u00e9mique, pas de trace de la col\u00e8re de la direction parisienne envers la F\u00e9d\u00e9ration fran\u00e7aise de football pour la gestion de deux joueurs. Mais le PSG a communiqu\u00e9 concernant <a href=\"https:\/\/rmcsport.bfmtv.com\/football\/ousmane-dembele_DN-202210100814.html\" title=\"Ousmane Demb\u00e9l\u00e9\" class=\"internal_link\" rel=\"nofollow noopener\" target=\"_blank\">Ousmane Demb\u00e9l\u00e9<\/a> et <a href=\"https:\/\/rmcsport.bfmtv.com\/football\/clubs\/paris-saint-germain\/enorme-coup-dur-pour-le-psg-dembele-absent-plusieurs-semaines-doue-forfait-pour-l-atalanta_AV-202509060255.html\" title=\"\u00c9norme coup dur pour le PSG: Demb\u00e9l\u00e9 absent plusieurs semaines, Dou\u00e9 forfait pour l\u2019Atalanta et l&#039;OM\" class=\"internal_link\" rel=\"nofollow noopener\" target=\"_blank\">D\u00e9sir\u00e9 Dou\u00e9<\/a>, tous deux sortis sur blessure lors du match <a href=\"https:\/\/rmcsport.bfmtv.com\/football\/coupe-du-monde\/qualifications\/direct-ukraine-france-suivez-le-match-des-qualifications-a-la-coupe-du-monde-2026-en-live_LS-202509050710.html\" title=\"Ukraine-France: D\u00e9sir\u00e9 Dou\u00e9 quitte le rassemblement, Kingsley Coman rappel\u00e9 par Deschamps\" class=\"internal_link\" rel=\"nofollow noopener\" target=\"_blank\">Ukraine-France<\/a>. Les deux attaquants ont quitt\u00e9 les Bleus pour rentrer en club et faire constater leurs blessures.<\/p>\n<p><strong>Voici ce qu&rsquo;en dit le PSG:<\/strong><\/p>\n<p>&#8211; Sorti sur blessure lors du match Ukraine &#8211; France vendredi, Ousmane Demb\u00e9l\u00e9 souffre d\u2019une l\u00e9sion s\u00e9v\u00e8re de l\u2019ischio-jambier droit. Son indisponibilit\u00e9 est estim\u00e9e \u00e0 environ six semaines.<\/p>\n<p>&#8211; \u00c9galement touch\u00e9 lors de cette rencontre, D\u00e9sir\u00e9 Dou\u00e9 souffre d\u2019une l\u00e9sion au mollet droit et devrait \u00eatre \u00e9cart\u00e9 des terrains pendant environ quatre semaines.<\/p>\n<p>Le PSG furieux contre la FFF<\/p>\n<p>La pol\u00e9mique est mont\u00e9e apr\u00e8s la sortie sur <a href=\"https:\/\/rmcsport.bfmtv.com\/football\/equipe-de-france\/coup-dur-pour-le-psg-desire-doue-quitte-le-rassemblement-des-bleus-apres-une-alerte-au-mollet_AV-202509060214.html\" title=\"Coup dur pour le PSG: D\u00e9sir\u00e9 Dou\u00e9 quitte le rassemblement des Bleus apr\u00e8s une alerte au mollet\" class=\"internal_link\" rel=\"nofollow noopener\" target=\"_blank\">blessure de D\u00e9sir\u00e9 Dou\u00e9<\/a> \u00e0 la mi-temps mais surtout apr\u00e8s <a href=\"https:\/\/rmcsport.bfmtv.com\/football\/ballon-d-or\/ballon-d-or-2025-la-blessure-d-ousmane-dembele-peut-elle-lui-etre-fatale-pour-la-conquete-du-trophee_AV-202509060223.html\" title=\"Ballon d\u2019or 2025: la blessure d&#039;Ousmane Demb\u00e9l\u00e9 peut-elle lui \u00eatre fatale pour la conqu\u00eate du troph\u00e9e?\" class=\"internal_link\" rel=\"nofollow noopener\" target=\"_blank\">celle d&rsquo;Ousmane Demb\u00e9l\u00e9<\/a>. Touch\u00e9 \u00e0 la cuisse gauche en Ligue 1 contre Toulouse, le favori du prochain Ballon d&rsquo;or est arriv\u00e9 tr\u00e8s incertain pour le premier match des Bleus dans cette campagne de qualification pour la Coupe du monde 2026. Didier Deschamps a finalement choisi de le faire rentrer d\u00e8s la pause vendredi, en remplacement de son co\u00e9quipier en club.<\/p>\n<p><a href=\"https:\/\/rmcsport.bfmtv.com\/football\/equipe-de-france\/le-psg-furieux-apres-la-blessure-d-ousmane-dembele-lors-d-ukraine-france-le-staff-des-bleus-dans-le-viseur_AP-202509050941.html\" title=\"Le PSG furieux apr\u00e8s la blessure d&#039;Ousmane Demb\u00e9l\u00e9 lors d&#039;Ukraine-France, le staff des Bleus dans le viseur\" class=\"internal_link\" rel=\"nofollow noopener\" target=\"_blank\">Comme indiqu\u00e9 par RMC Sport<\/a>, le PSG est furieux de la gestion du staff tricolore et de la FFF, estimant avoir pr\u00e9venu en amont de l&rsquo;\u00e9tat de fatigue de ses joueurs et du souci physique d&rsquo;Ousmane Demb\u00e9l\u00e9.<\/p>\n","protected":false},"excerpt":{"rendered":"Ousmane Demb\u00e9l\u00e9 et D\u00e9sir\u00e9 Dou\u00e9 sont forfait pour le deuxi\u00e8me match de l&rsquo;\u00e9quipe de France dans ces \u00e9liminatoires&hellip;\n","protected":false},"author":2,"featured_media":371932,"comment_status":"","ping_status":"","sticky":false,"template":"","format":"standard","meta":{"footnotes":""},"categories":[2],"tags":[11,1011,27,12,25],"class_list":{"0":"post-371931","1":"post","2":"type-post","3":"status-publish","4":"format-standard","5":"has-post-thumbnail","7":"category-actualites","8":"tag-actualites","9":"tag-fr","10":"tag-france","11":"tag-news","12":"tag-republique-francaise"},"share_on_mastodon":{"url":"https:\/\/pubeurope.com\/@fr\/115160458530764234","error":""},"_links":{"self":[{"href":"https:\/\/www.europesays.com\/fr\/wp-json\/wp\/v2\/posts\/371931","targetHints":{"allow":["GET"]}}],"collection":[{"href":"https:\/\/www.europesays.com\/fr\/wp-json\/wp\/v2\/posts"}],"about":[{"href":"https:\/\/www.europesays.com\/fr\/wp-json\/wp\/v2\/types\/post"}],"author":[{"embeddable":true,"href":"https:\/\/www.europesays.com\/fr\/wp-json\/wp\/v2\/users\/2"}],"replies":[{"embeddable":true,"href":"https:\/\/www.europesays.com\/fr\/wp-json\/wp\/v2\/comments?post=371931"}],"version-history":[{"count":0,"href":"https:\/\/www.europesays.com\/fr\/wp-json\/wp\/v2\/posts\/371931\/revisions"}],"wp:featuredmedia":[{"embeddable":true,"href":"https:\/\/www.europesays.com\/fr\/wp-json\/wp\/v2\/media\/371932"}],"wp:attachment":[{"href":"https:\/\/www.europesays.com\/fr\/wp-json\/wp\/v2\/media?parent=371931"}],"wp:term":[{"taxonomy":"category","embeddable":true,"href":"https:\/\/www.europesays.com\/fr\/wp-json\/wp\/v2\/categories?post=371931"},{"taxonomy":"post_tag","embeddable":true,"href":"https:\/\/www.europesays.com\/fr\/wp-json\/wp\/v2\/tags?post=371931"}],"curies":[{"name":"wp","href":"https:\/\/api.w.org\/{rel}","templated":true}]}}