{"id":371933,"date":"2025-09-07T01:38:15","date_gmt":"2025-09-07T01:38:15","guid":{"rendered":"https:\/\/www.europesays.com\/fr\/371933\/"},"modified":"2025-09-07T01:38:15","modified_gmt":"2025-09-07T01:38:15","slug":"une-voiture-percute-des-pietons-en-normandie-au-moins-un-mort","status":"publish","type":"post","link":"https:\/\/www.europesays.com\/fr\/371933\/","title":{"rendered":"Une voiture percute des pi\u00e9tons en Normandie, au moins un mort"},"content":{"rendered":"<p>        <img decoding=\"async\" loading=\"lazy\" src=\"https:\/\/www.europesays.com\/fr\/wp-content\/uploads\/2025\/09\/571751e_upload-1-pcvvzpjubqyv-afp-20250714-hl-jmbarrere-2831936-v1-highres-francefiredepartment.jpg\"  width=\"728\" height=\"410\" alt=\"Une voiture a percut\u00e9 des pi\u00e9tons et fait au moins un mort en Normandie ce samedi 6\u00a0septembre.\"\/>  <\/p>\n<p>JEAN-MARC BARRERE \/ Hans Lucas via AFP<\/p>\n<p>Une voiture a percut\u00e9 des pi\u00e9tons et fait au moins un mort en Normandie ce samedi 6\u00a0septembre.<\/p>\n<p class=\"asset asset-text\">FAITS DIVERS &#8211; Une voiture a percut\u00e9 des pi\u00e9tons ce samedi 6\u00a0septembre \u00e0 Pirou, dan<a href=\"https:\/\/www.huffingtonpost.fr\/france\/article\/orages-miraculee-cette-famille-de-la-manche-a-vu-sa-maison-traversee-par-la-foudre_251374.html\" target=\"_blank\" rel=\"noopener\">s la Manche<\/a>, tuant une personne et en blessant plusieurs autres, a-t-on appris aupr\u00e8s de la pr\u00e9fecture de la Manche.<\/p>\n<p class=\"asset asset-text\">\u00ab\u00a0Des premiers \u00e9l\u00e9ments recueillis, il semblerait que le conducteur du v\u00e9hicule \u00e0 bo\u00eete automatique ait fait un malaise. Le v\u00e9hicule a poursuivi la route sur plusieurs m\u00e8tres avant de percuter un groupe de personnes. Une femme est d\u00e9c\u00e9d\u00e9e, trois autres personnes sont en urgence absolue\u00a0\u00bb, a indiqu\u00e9 le procureur de Coutances, Gauthier Poupeau. \u00ab\u00a0La th\u00e8se volontaire est formellement exclue\u00a0\u00bb, a-t-il soulign\u00e9.<\/p>\n<p class=\"asset asset-text\">Selon Ouest-France, le v\u00e9hicule a notamment percut\u00e9 la terrasse d\u2019une pizzeria.<\/p>\n<p class=\"asset asset-text\">Les pompiers, arriv\u00e9s sur place peu apr\u00e8s 17h00 ont pris en charge six victimes au total, quatre pi\u00e9tons et les deux occupants de la voiture, a de son c\u00f4t\u00e9 indiqu\u00e9 la pr\u00e9fecture de la Manche. Les secours, dont plus d\u2019une trentaine de sapeurs-pompiers, sont intervenus dans une rue proche de la plage de Pirou.<\/p>\n","protected":false},"excerpt":{"rendered":"JEAN-MARC BARRERE \/ Hans Lucas via AFP Une voiture a percut\u00e9 des pi\u00e9tons et fait au moins un&hellip;\n","protected":false},"author":2,"featured_media":371934,"comment_status":"","ping_status":"","sticky":false,"template":"","format":"standard","meta":{"footnotes":""},"categories":[2],"tags":[10155,11,118,1011,27,12,5161,25],"class_list":{"0":"post-371933","1":"post","2":"type-post","3":"status-publish","4":"format-standard","5":"has-post-thumbnail","7":"category-actualites","8":"tag-accident-de-voiture","9":"tag-actualites","10":"tag-faits-divers","11":"tag-fr","12":"tag-france","13":"tag-news","14":"tag-normandie","15":"tag-republique-francaise"},"share_on_mastodon":{"url":"https:\/\/pubeurope.com\/@fr\/115160462520640071","error":""},"_links":{"self":[{"href":"https:\/\/www.europesays.com\/fr\/wp-json\/wp\/v2\/posts\/371933","targetHints":{"allow":["GET"]}}],"collection":[{"href":"https:\/\/www.europesays.com\/fr\/wp-json\/wp\/v2\/posts"}],"about":[{"href":"https:\/\/www.europesays.com\/fr\/wp-json\/wp\/v2\/types\/post"}],"author":[{"embeddable":true,"href":"https:\/\/www.europesays.com\/fr\/wp-json\/wp\/v2\/users\/2"}],"replies":[{"embeddable":true,"href":"https:\/\/www.europesays.com\/fr\/wp-json\/wp\/v2\/comments?post=371933"}],"version-history":[{"count":0,"href":"https:\/\/www.europesays.com\/fr\/wp-json\/wp\/v2\/posts\/371933\/revisions"}],"wp:featuredmedia":[{"embeddable":true,"href":"https:\/\/www.europesays.com\/fr\/wp-json\/wp\/v2\/media\/371934"}],"wp:attachment":[{"href":"https:\/\/www.europesays.com\/fr\/wp-json\/wp\/v2\/media?parent=371933"}],"wp:term":[{"taxonomy":"category","embeddable":true,"href":"https:\/\/www.europesays.com\/fr\/wp-json\/wp\/v2\/categories?post=371933"},{"taxonomy":"post_tag","embeddable":true,"href":"https:\/\/www.europesays.com\/fr\/wp-json\/wp\/v2\/tags?post=371933"}],"curies":[{"name":"wp","href":"https:\/\/api.w.org\/{rel}","templated":true}]}}