{"id":371935,"date":"2025-09-07T01:39:18","date_gmt":"2025-09-07T01:39:18","guid":{"rendered":"https:\/\/www.europesays.com\/fr\/371935\/"},"modified":"2025-09-07T01:39:18","modified_gmt":"2025-09-07T01:39:18","slug":"appeler-a-la-haine-et-a-la-division-est-indigne-un-ancien-attaquant-de-lequipe-de-france-denonce-publiquement-les-propos-de-pierre-menes","status":"publish","type":"post","link":"https:\/\/www.europesays.com\/fr\/371935\/","title":{"rendered":"\u00ab\u00a0Appeler \u00e0 la haine et \u00e0 la division est indigne\u00a0\u00bb\u00a0: un ancien attaquant de l\u2019\u00e9quipe de France d\u00e9nonce publiquement les propos de Pierre M\u00e9n\u00e8s"},"content":{"rendered":"<p>\n                                                                    l&rsquo;essentiel<br \/>\n                                                                Au c\u0153ur de la pol\u00e9mique apr\u00e8s ses propos notamment sur l\u2019\u00e9quipe de France, Pierre M\u00e9n\u00e8s a tent\u00e9 d\u2019apaiser les tensions, mais certaines de ses connaissances n\u2019acceptent pas.\n                            <\/p>\n<p>\u00ab\u00a0Tr\u00e8s d\u00e9\u00e7u de toi\u00a0\u00bb avait lanc\u00e9 Djibril Ciss\u00e9 il y a quelques jours \u00e0 la suite des propos de Pierre M\u00e9n\u00e8s, ancien consultant de Canal +, concernant les \u00ab\u00a0maghr\u00e9bins et les noirs\u00a0\u00bb que son fils avaient c\u00f4toy\u00e9 \u00e0 l\u2019US Torcy. L\u2019homme de 62 ans a ensuite tenu \u00e0 s\u2019expliquer en expliquant qu'\u00a0\u00bbon ne peut pas \u00eatre ami avec Baf\u00e9 Gomis, Thierry Henry, Nawell Madani ou Malik Bentalha et \u00eatre un immonde monstre raciste.\u00a0\u00bb<\/p>\n<p class=\"std-elt__inline\">\n        <strong>\u00c0 lire aussi :<\/strong><br \/>\n        <a href=\"https:\/\/www.ladepeche.fr\/2025\/09\/05\/video-11-noirs-en-equipe-de-france-lex-journaliste-star-pierre-menes-se-defend-apres-ses-propos-polemiques-12913508.php\" rel=\"nofollow noopener\" target=\"_blank\">VIDEO. \u00ab\u00a011 noirs en \u00e9quipe de France\u00a0\u00bb\u00a0: l\u2019ex-journaliste star Pierre M\u00e9n\u00e8s se d\u00e9fend apr\u00e8s ses propos pol\u00e9miques<\/a>\n    <\/p>\n<p>Ces derni\u00e8res heures, c\u2019est justement l\u2019un de ses personnes cit\u00e9es qui a pris la parole pour condamner les propos de l\u2019ancien de la cha\u00eene crypt\u00e9e. \u00ab\u00a0Je suis tr\u00e8s d\u00e9\u00e7u des propos de Pierre M\u00e9n\u00e8s et les condamne fermement\u00a0\u00bb a indiqu\u00e9 sur X Baf\u00e9timbi Gomis, ancien buteur de Saint-\u00c9tienne, Lyon et Marseille. \u00ab\u00a0Appeler \u00e0 la haine et \u00e0 la division est indigne\u00a0\u00bb a poursuivi l\u2019homme de 40 ans, reconverti consultant sportif apr\u00e8s une riche carri\u00e8re.<\/p>\n<p class=\"std-elt__inline\">\n        <strong>\u00c0 lire aussi :<\/strong><br \/>\n        <a href=\"https:\/\/www.ladepeche.fr\/2025\/09\/04\/video-regardez-lequipe-de-france-il-y-a-11-noirs-la-nouvelle-sortie-polemique-de-pierre-menes-ancien-consultant-star-de-canal-12910760.php\" rel=\"nofollow noopener\" target=\"_blank\">VIDEO. \u00ab\u00a0Regardez l\u2019\u00e9quipe de France\u2026 Il y a 11 noirs\u00a0\u00bb\u00a0: la nouvelle sortie pol\u00e9mique de Pierre M\u00e9n\u00e8s, ancien consultant star de Canal +<\/a>\n    <\/p>\n<p>\u00ab\u00a0La force de l\u2019\u00e9quipe de France, 2 fois championne du monde, c\u2019est sa diversit\u00e9. Les choix d\u2019un entra\u00eeneur se font sur le talent, pas sur la couleur de peau\u00a0\u00bb a \u00e9galement indiqu\u00e9 l\u2019ancien international fran\u00e7ais (12 s\u00e9lections).<\/p>\n","protected":false},"excerpt":{"rendered":"l&rsquo;essentiel Au c\u0153ur de la pol\u00e9mique apr\u00e8s ses propos notamment sur l\u2019\u00e9quipe de France, Pierre M\u00e9n\u00e8s a tent\u00e9&hellip;\n","protected":false},"author":2,"featured_media":371936,"comment_status":"","ping_status":"","sticky":false,"template":"","format":"standard","meta":{"footnotes":""},"categories":[4],"tags":[11,1011,27,12,25],"class_list":{"0":"post-371935","1":"post","2":"type-post","3":"status-publish","4":"format-standard","5":"has-post-thumbnail","7":"category-france","8":"tag-actualites","9":"tag-fr","10":"tag-france","11":"tag-news","12":"tag-republique-francaise"},"share_on_mastodon":{"url":"https:\/\/pubeurope.com\/@fr\/115160466397698543","error":""},"_links":{"self":[{"href":"https:\/\/www.europesays.com\/fr\/wp-json\/wp\/v2\/posts\/371935","targetHints":{"allow":["GET"]}}],"collection":[{"href":"https:\/\/www.europesays.com\/fr\/wp-json\/wp\/v2\/posts"}],"about":[{"href":"https:\/\/www.europesays.com\/fr\/wp-json\/wp\/v2\/types\/post"}],"author":[{"embeddable":true,"href":"https:\/\/www.europesays.com\/fr\/wp-json\/wp\/v2\/users\/2"}],"replies":[{"embeddable":true,"href":"https:\/\/www.europesays.com\/fr\/wp-json\/wp\/v2\/comments?post=371935"}],"version-history":[{"count":0,"href":"https:\/\/www.europesays.com\/fr\/wp-json\/wp\/v2\/posts\/371935\/revisions"}],"wp:featuredmedia":[{"embeddable":true,"href":"https:\/\/www.europesays.com\/fr\/wp-json\/wp\/v2\/media\/371936"}],"wp:attachment":[{"href":"https:\/\/www.europesays.com\/fr\/wp-json\/wp\/v2\/media?parent=371935"}],"wp:term":[{"taxonomy":"category","embeddable":true,"href":"https:\/\/www.europesays.com\/fr\/wp-json\/wp\/v2\/categories?post=371935"},{"taxonomy":"post_tag","embeddable":true,"href":"https:\/\/www.europesays.com\/fr\/wp-json\/wp\/v2\/tags?post=371935"}],"curies":[{"name":"wp","href":"https:\/\/api.w.org\/{rel}","templated":true}]}}