{"id":371943,"date":"2025-09-07T01:45:17","date_gmt":"2025-09-07T01:45:17","guid":{"rendered":"https:\/\/www.europesays.com\/fr\/371943\/"},"modified":"2025-09-07T01:45:17","modified_gmt":"2025-09-07T01:45:17","slug":"motogp-honda-pousse-somkiat-chantra-vers-le-superbike-un-aveu-dechec-plus-quune-vraie-strategie","status":"publish","type":"post","link":"https:\/\/www.europesays.com\/fr\/371943\/","title":{"rendered":"MotoGP, Honda pousse Somkiat Chantra vers le Superbike : un aveu d\u2019\u00e9chec plus qu\u2019une vraie strat\u00e9gie"},"content":{"rendered":"<p><strong>Il est rare que Honda Racing Corporation (HRC) se<br \/>\nd\u00e9barrasse d\u2019un pilote MotoGP apr\u00e8s seulement une saison. Mais<br \/>\nc\u2019est ce qui arrive \u00e0 Somkiat Chantra, contraint de c\u00e9der sa place<br \/>\nchez LCR Honda \u00e0 la p\u00e9pite br\u00e9silienne Diogo Moreira, actuel<br \/>\ntroisi\u00e8me du championnat Moto2.<\/strong><\/p>\n<p><strong>Chantra<\/strong>, pourtant fort de 2 victoires et 6<br \/>\npodiums en 106 d\u00e9parts Moto2, n\u2019a jamais r\u00e9ussi \u00e0 apprivoiser une<br \/>\nRC213V d\u00e9j\u00e0 r\u00e9put\u00e9e capricieuse. Pire encore, son accident \u00e0 Assen<br \/>\nfin juin l\u2019a \u00e9cart\u00e9 des pistes pendant deux mois. Le bilan est<br \/>\nbrutal : un seul point marqu\u00e9 et une derni\u00e8re place au<br \/>\n<strong>championnat<\/strong>.<\/p>\n<p>La sanction est tomb\u00e9e : <strong>Moreira<\/strong> r\u00e9cup\u00e8rera la<br \/>\nselle en 2026, tandis que <strong>Chantra<\/strong> est\u2026 exp\u00e9di\u00e9 en<br \/>\nChampionnat du monde Superbike (WSBK).<\/p>\n<p>### Honda change tout en WSBK, mais refuse les cadors<\/p>\n<p><strong>Honda<\/strong> profite de ce \u00ab transfert \u00bb pour<br \/>\nremodeler son \u00e9quipe Superbike. <strong>Iker Lecuona<\/strong><br \/>\npartira chez <strong>Ducati<\/strong> en remplacement de<br \/>\n<strong>Bautista<\/strong>, tandis que <strong>Xavi Vierge<\/strong><br \/>\nse retrouve sans guidon. Leur rempla\u00e7ant d\u00e9sign\u00e9 ? <strong>Jake<br \/>\nDixon<\/strong>, 29 ans, actuel cinqui\u00e8me en Moto2.<\/p>\n<p>\u00c0 ses c\u00f4t\u00e9s, <strong>Honda<\/strong> voulait placer<br \/>\n<strong>Sergio Garc\u00eda<\/strong>, mais le jeune Espagnol a s\u00e8chement<br \/>\nrefus\u00e9 : \u00ab plan B \u00bb selon lui, il a pr\u00e9f\u00e9r\u00e9 prolonger en Moto2 chez<br \/>\nGresini.<\/p>\n<p><img decoding=\"async\" class=\"aligncenter\" src=\"https:\/\/www.europesays.com\/fr\/wp-content\/uploads\/2025\/09\/025018251b42460e95e14fafb2f27522.jpg\" alt=\"Somkiat Chantra\"\/><\/p>\n<p><strong>Honda\u00a0: Chantra \u00e9vinc\u00e9<br \/>\napr\u00e8s une saison, le projet Superbike en plein chaos<\/strong><\/p>\n<p>R\u00e9sultat : la Fireblade, d\u00e9j\u00e0 incapable de rivaliser depuis son<br \/>\nretour, h\u00e9ritera de <strong>Chantra<\/strong>, plus par culpabilit\u00e9<br \/>\nque par conviction, comme l\u2019affirment plusieurs observateurs du<br \/>\npaddock :\u00ab le transfert de Chantra en Superbike est davantage<br \/>\nd\u00fb \u00e0 la mauvaise conscience des dirigeants japonais qu\u2019\u00e0 la<br \/>\nconviction qu\u2019il pourrait mener Honda au sommet. \u00bb<\/p>\n<p>Et le paradoxe est cruel : <strong>Honda<\/strong> cherche \u00e0<br \/>\nrelancer un projet en ruine, mais refuse les cadors du plateau \u2013<br \/>\nJonathan Rea, Alvaro Bautista, <a href=\"https:\/\/www.paddock-gp.com\/wsbk-andrea-iannone-envisage-la-retraite-le-maniac-sans-offres-pour-2026\/\" target=\"_blank\" rel=\"noopener\"><br \/>\n<strong>Andrea Iannone<\/strong><\/a>, Dominique Aegerter ou Michael<br \/>\nvan der Mark ont tous \u00e9t\u00e9 ignor\u00e9s.<\/p>\n<p>Les chiffres donnent le vertige chez <strong>Honda<\/strong> :<br \/>\nderni\u00e8re victoire en <a href=\"https:\/\/www.worldsbk.com\/en\" target=\"_blank\" rel=\"noopener\">Superbike<\/a> : Nicky Hayden \u00e0 Sepang<br \/>\nen <strong>2016<\/strong>\u2026 sous la pluie. Dernier triomphe par temps<br \/>\nsec : <strong><a href=\"https:\/\/www.paddock-gp.com\/wsbk-jonathan-rea-raccroche-le-cuir-yamaha-promet-un-dernier-podium-pour-la-legende-vivante-du-superbike\/\" target=\"_blank\" rel=\"noopener\"><br \/>\nJonathan Rea<\/a><\/strong> \u00e0 Portimao en <strong>2014<\/strong>.<br \/>\nDernier titre mondial : James Toseland en<br \/>\n<strong>2007<\/strong>.<\/p>\n<p>Depuis le lancement de la CBR1000RR-R en 2020, la moisson est<br \/>\nridicule : six troisi\u00e8mes places et rien d\u2019autre. En envoyant<br \/>\n<a href=\"https:\/\/www.paddock-gp.com\/motogp-lcr-chantra-sous-pression-cecchinello-pointe-des-erreurs-de-pilotage-demande-du-temps-et-de-la-clarte\/\" target=\"_blank\" rel=\"noopener\"><br \/>\n<strong>Chantra<\/strong><\/a> au Superbike, <strong>Honda<\/strong><br \/>\nne r\u00e8gle aucun probl\u00e8me. Le Tha\u00eflandais ne sera pas le sauveur<br \/>\nd\u2019une Fireblade chroniquement sous-performante. Le vrai message<br \/>\nderri\u00e8re cette d\u00e9cision ? <strong>HRC<\/strong> navigue \u00e0 vue,<br \/>\nrefuse les champions \u00e9tablis et se contente de solutions<br \/>\nsymboliques.<\/p>\n<p><img loading=\"lazy\" decoding=\"async\" class=\"aligncenter size-full wp-image-1261856\" src=\"https:\/\/www.europesays.com\/fr\/wp-content\/uploads\/2025\/07\/Chantra-Paddock-GP-SepangT.jpg\" alt=\"Honda\" width=\"800\" height=\"533\"  \/><\/p>\n","protected":false},"excerpt":{"rendered":"Il est rare que Honda Racing Corporation (HRC) se d\u00e9barrasse d\u2019un pilote MotoGP apr\u00e8s seulement une saison. Mais&hellip;\n","protected":false},"author":2,"featured_media":371944,"comment_status":"","ping_status":"","sticky":false,"template":"","format":"standard","meta":{"footnotes":""},"categories":[1413],"tags":[1011,27,1457,1456,60],"class_list":{"0":"post-371943","1":"post","2":"type-post","3":"status-publish","4":"format-standard","5":"has-post-thumbnail","7":"category-moto","8":"tag-fr","9":"tag-france","10":"tag-moto","11":"tag-motocycle","12":"tag-sports"},"share_on_mastodon":{"url":"https:\/\/pubeurope.com\/@fr\/115160490194161227","error":""},"_links":{"self":[{"href":"https:\/\/www.europesays.com\/fr\/wp-json\/wp\/v2\/posts\/371943","targetHints":{"allow":["GET"]}}],"collection":[{"href":"https:\/\/www.europesays.com\/fr\/wp-json\/wp\/v2\/posts"}],"about":[{"href":"https:\/\/www.europesays.com\/fr\/wp-json\/wp\/v2\/types\/post"}],"author":[{"embeddable":true,"href":"https:\/\/www.europesays.com\/fr\/wp-json\/wp\/v2\/users\/2"}],"replies":[{"embeddable":true,"href":"https:\/\/www.europesays.com\/fr\/wp-json\/wp\/v2\/comments?post=371943"}],"version-history":[{"count":0,"href":"https:\/\/www.europesays.com\/fr\/wp-json\/wp\/v2\/posts\/371943\/revisions"}],"wp:featuredmedia":[{"embeddable":true,"href":"https:\/\/www.europesays.com\/fr\/wp-json\/wp\/v2\/media\/371944"}],"wp:attachment":[{"href":"https:\/\/www.europesays.com\/fr\/wp-json\/wp\/v2\/media?parent=371943"}],"wp:term":[{"taxonomy":"category","embeddable":true,"href":"https:\/\/www.europesays.com\/fr\/wp-json\/wp\/v2\/categories?post=371943"},{"taxonomy":"post_tag","embeddable":true,"href":"https:\/\/www.europesays.com\/fr\/wp-json\/wp\/v2\/tags?post=371943"}],"curies":[{"name":"wp","href":"https:\/\/api.w.org\/{rel}","templated":true}]}}