{"id":371950,"date":"2025-09-07T01:49:27","date_gmt":"2025-09-07T01:49:27","guid":{"rendered":"https:\/\/www.europesays.com\/fr\/371950\/"},"modified":"2025-09-07T01:49:27","modified_gmt":"2025-09-07T01:49:27","slug":"kate-middleton-loin-du-prince-william-nouveau-changement-capillaire-qui-montre-quelle-a-compris-les-inquietudes","status":"publish","type":"post","link":"https:\/\/www.europesays.com\/fr\/371950\/","title":{"rendered":"Kate Middleton loin du prince William : nouveau changement capillaire qui montre qu\u2019elle a compris les inqui\u00e9tudes"},"content":{"rendered":"<p>Ce samedi 6 septembre, la <a href=\"https:\/\/www.closermag.fr\/royautes\/kate-middleton-blonde-une-couleur-apres-une-chimiotherapie-pas-tres-serieux-pour-ce-specialiste-3576011\" rel=\"nofollow noopener\" target=\"_blank\"><br \/>\nprincesse de Galles<\/a> a fait sensation lors de sa venue au match<br \/>\nde Coupe du monde de rugby f\u00e9minin opposant l&rsquo;Angleterre \u00e0<br \/>\nl&rsquo;Australie. S\u00e9par\u00e9e g\u00e9ographiquement de son \u00e9poux qui soutenait<br \/>\nl&rsquo;\u00e9quipe galloise face aux Fidji, l&rsquo;\u00e9pouse du prince William a<br \/>\nsurpris par son choix capillaire inhabituel. En effet, celle qui<br \/>\nprivil\u00e9gie g\u00e9n\u00e9ralement les cheveux l\u00e2ches a opt\u00e9 pour un chignon<br \/>\nstrict, marquant ainsi une \u00e9volution notable dans sa pr\u00e9sentation<br \/>\npublique.<\/p>\n<p>Une coiffure qui brise les codes habituels<\/p>\n<p>La m\u00e8re de <a href=\"https:\/\/www.closermag.fr\/royautes\/kate-middleton-blonde-ses-nouveaux-cheveux-pourraient-cacher-un-terrible-secret-3575958\" rel=\"nofollow noopener\" target=\"_blank\"><br \/>\nGeorge, Charlotte et Louis<\/a> a d\u00e9rog\u00e9 \u00e0 ses habitudes en arborant<br \/>\nune coiffure totalement attach\u00e9e. Cette d\u00e9cision stylistique marque<br \/>\nune rupture avec son image habituelle lors des \u00e9v\u00e9nements sportifs.<br \/>\nHabituellement, la belle-fille du roi Charles III pr\u00e9f\u00e8re laisser<br \/>\nses cheveux libres, cr\u00e9ant cette signature visuelle reconnaissable<br \/>\nqui accompagne ses apparitions publiques depuis des ann\u00e9es.<\/p>\n<p>Cette transformation capillaire n&rsquo;est pas anodine dans le<br \/>\ncontexte actuel. Effectivement, les observateurs royaux notent que<br \/>\ncette sobri\u00e9t\u00e9 nouvelle correspond \u00e0 une p\u00e9riode o\u00f9 la famille<br \/>\nroyale traverse des d\u00e9fis particuliers. Aussi, ce changement<br \/>\npourrait traduire une volont\u00e9 de <a href=\"https:\/\/www.closermag.fr\/royautes\/kate-middleton-a-deja-tout-prevu-pour-celebrer-la-fin-de-lannee-2025-sa-grande-annonce-3575853\" rel=\"nofollow noopener\" target=\"_blank\"><br \/>\nla princesse<\/a> de s&rsquo;adapter aux attentes du public britannique<br \/>\nconcernant la modernit\u00e9 de la monarchie.<\/p>\n<p>Un message symbolique lors d&rsquo;une rivalit\u00e9 familiale<\/p>\n<p>La <a href=\"https:\/\/www.closermag.fr\/royautes\/kate-middleton-a-deja-tout-prevu-pour-celebrer-la-fin-de-lannee-2025-sa-grande-annonce-3575853\" rel=\"nofollow noopener\" target=\"_blank\"><br \/>\nbelle-s\u0153ur du prince Harry<\/a> a choisi ce moment pr\u00e9cis pour<br \/>\nr\u00e9v\u00e9ler cette nouvelle facette de son style, alors m\u00eame qu&rsquo;elle se<br \/>\ntrouvait s\u00e9par\u00e9e de son mari pour des raisons sportives. Cette<br \/>\ns\u00e9paration g\u00e9ographique temporaire illustre parfaitement la<br \/>\nrivalit\u00e9 amicale qui anime le couple royal concernant le rugby. De<br \/>\nplus, cette distance permet \u00e0 chacun de soutenir son \u00e9quipe<br \/>\nrespective sans compromettre l&rsquo;unit\u00e9 familiale.<\/p>\n<p><a href=\"https:\/\/www.closermag.fr\/royautes\/kate-middleton-a-deja-tout-prevu-pour-celebrer-la-fin-de-lannee-2025-sa-grande-annonce-3575853\" rel=\"nofollow noopener\" target=\"_blank\"><br \/>\nL&rsquo;\u00e9pouse de l&rsquo;h\u00e9ritier du tr\u00f4ne<\/a> a ainsi d\u00e9montr\u00e9 son<br \/>\nind\u00e9pendance stylistique tout en respectant le protocole royal.<br \/>\nN\u00e9anmoins, cette apparition solo lui offrait l&rsquo;opportunit\u00e9<br \/>\nd&rsquo;exp\u00e9rimenter sans crainte les regards crois\u00e9s. Toutefois, ce<br \/>\nchoix esth\u00e9tique d\u00e9passe la simple coquetterie pour s&rsquo;inscrire dans<br \/>\nune d\u00e9marche plus large de renouvellement de son image<br \/>\npublique.<\/p>\n<p>Une \u00e9volution qui r\u00e9pond aux nouvelles<br \/>\nattentes<\/p>\n<p>Cette m\u00e9tamorphose capillaire s&rsquo;inscrit dans une strat\u00e9gie plus<br \/>\nglobale d&rsquo;adaptation. En effet, les membres de la famille royale<br \/>\nfont face \u00e0 des attentes croissantes concernant leur modernit\u00e9 et<br \/>\nleur accessibilit\u00e9. La princesse de Galles semble avoir saisi ces<br \/>\nenjeux en proposant une image renouvel\u00e9e lors de cette sortie<br \/>\nrugbystique.<\/p>\n<p>Cette transformation vestimentaire et capillaire traduit<br \/>\n\u00e9galement une compr\u00e9hension fine des codes m\u00e9diatiques<br \/>\ncontemporains. Effectivement, chaque apparition publique devient<br \/>\nune occasion de communiquer avec le public britannique et<br \/>\ninternational. Aussi, ce nouveau look t\u00e9moigne d&rsquo;une volont\u00e9 de<br \/>\nsurprendre tout en conservant l&rsquo;\u00e9l\u00e9gance qui caract\u00e9rise son style<br \/>\ndepuis son entr\u00e9e dans la famille royale.<\/p>\n","protected":false},"excerpt":{"rendered":"Ce samedi 6 septembre, la princesse de Galles a fait sensation lors de sa venue au match de&hellip;\n","protected":false},"author":2,"featured_media":371951,"comment_status":"","ping_status":"","sticky":false,"template":"","format":"standard","meta":{"footnotes":""},"categories":[1359],"tags":[548,58,59,1011,27,5858,973],"class_list":{"0":"post-371950","1":"post","2":"type-post","3":"status-publish","4":"format-standard","5":"has-post-thumbnail","7":"category-people","8":"tag-article-simple","9":"tag-divertissement","10":"tag-entertainment","11":"tag-fr","12":"tag-france","13":"tag-kate-middleton","14":"tag-people"},"share_on_mastodon":{"url":"https:\/\/pubeurope.com\/@fr\/115160505716932530","error":""},"_links":{"self":[{"href":"https:\/\/www.europesays.com\/fr\/wp-json\/wp\/v2\/posts\/371950","targetHints":{"allow":["GET"]}}],"collection":[{"href":"https:\/\/www.europesays.com\/fr\/wp-json\/wp\/v2\/posts"}],"about":[{"href":"https:\/\/www.europesays.com\/fr\/wp-json\/wp\/v2\/types\/post"}],"author":[{"embeddable":true,"href":"https:\/\/www.europesays.com\/fr\/wp-json\/wp\/v2\/users\/2"}],"replies":[{"embeddable":true,"href":"https:\/\/www.europesays.com\/fr\/wp-json\/wp\/v2\/comments?post=371950"}],"version-history":[{"count":0,"href":"https:\/\/www.europesays.com\/fr\/wp-json\/wp\/v2\/posts\/371950\/revisions"}],"wp:featuredmedia":[{"embeddable":true,"href":"https:\/\/www.europesays.com\/fr\/wp-json\/wp\/v2\/media\/371951"}],"wp:attachment":[{"href":"https:\/\/www.europesays.com\/fr\/wp-json\/wp\/v2\/media?parent=371950"}],"wp:term":[{"taxonomy":"category","embeddable":true,"href":"https:\/\/www.europesays.com\/fr\/wp-json\/wp\/v2\/categories?post=371950"},{"taxonomy":"post_tag","embeddable":true,"href":"https:\/\/www.europesays.com\/fr\/wp-json\/wp\/v2\/tags?post=371950"}],"curies":[{"name":"wp","href":"https:\/\/api.w.org\/{rel}","templated":true}]}}