{"id":371952,"date":"2025-09-07T01:50:12","date_gmt":"2025-09-07T01:50:12","guid":{"rendered":"https:\/\/www.europesays.com\/fr\/371952\/"},"modified":"2025-09-07T01:50:12","modified_gmt":"2025-09-07T01:50:12","slug":"quand-la-passion-de-photographier-les-voitures-de-luxe-derape","status":"publish","type":"post","link":"https:\/\/www.europesays.com\/fr\/371952\/","title":{"rendered":"quand la passion de photographier les voitures de luxe d\u00e9rape"},"content":{"rendered":"<p class=\"article__intro\">Monaco et Cannes attirent, particuli\u00e8rement en \u00e9t\u00e9, des centaines de car spotters (des observateurs de voiture, NDLR), des passionn\u00e9s de v\u00e9hicules d&rsquo;exception \u00e0 la recherche de photos et de vid\u00e9os exclusives. Les autorit\u00e9s encadrent d\u00e9sormais cette pratique \u00e0 la suite de d\u00e9rapages&#8230; avec l\u2019aide de GMK, YouTubeur star.<\/p>\n<p>\n      L\u2019actu des r\u00e9gions\n    <\/p>\n<p>\n      Chaque jour, un tour d\u2019horizon des principales infos de toutes les r\u00e9gions.\n    <\/p>\n<p>    France T\u00e9l\u00e9visions utilise votre adresse e-mail afin de vous envoyer la newsletter \u00ab\u00a0L\u2019actu des r\u00e9gions\u00a0\u00bb. Vous pouvez vous d\u00e9sinscrire \u00e0 tout moment via le lien en bas de cette newsletter. <a target=\"_blank\" href=\"https:\/\/www.francetelevisions.fr\/groupe\/confidentialite\/politique-de-confidentialite\/politique-de-confidentialite-de-france-televisions-6503\" rel=\"nofollow noopener\">Notre politique de confidentialit\u00e9<\/a><\/p>\n<p>Ce sont des vid\u00e9os qui d\u00e9passent parfois le million de vues sur les YouTube ou TikTok. Des voitures d\u2019exception, rares, ch\u00e8res, exclusives. Lamborghini Hurac\u00e1n, Aventador, Bugatti Chiron, Ferrari SF90, Mercedes SLR, G63 \u00e0 6 roues, McLaren\u2026 Des bolides que connaissent sur bout des doigts les spotters comme Thomas Delmas, un Toulonnais passionn\u00e9 depuis pr\u00e8s de 15 ans qui totalise aujourd\u2019hui 15\u00a0000 abonn\u00e9s sur son compte Instagram.<\/p>\n<p>Il se rend r\u00e9guli\u00e8rement \u00e0 <a href=\"https:\/\/france3-regions.franceinfo.fr\/international\/monaco\" target=\"_blank\" data-tooltip-url=\"https:\/\/france3-regions.franceinfo.fr\/international\/monaco\" rel=\"noopener nofollow\">Monaco<\/a> pour une partie de chasse aux images. Avec une aide pr\u00e9cieuse : sur son smartphone, un groupe WhatsApp aliment\u00e9 par des centaines d\u2019amateurs de voitures de luxe qui s\u2019\u00e9changent les bons tuyaux.<\/p>\n<p>Place du Casino, la discussion s\u2019engage rapidement avec un touriste qui pense avoir aper\u00e7u le pilote de F1 Georges Russel au volant d\u2019une Mercedes AMG-One, un engin estim\u00e9 \u00e0 5 millions d\u2019euros ! \u00ab\u00a0J\u2019avais eu l\u2019info sur le groupe WhatsApp, il est parti du c\u00f4t\u00e9 du Monte Carlo Bay\u00a0\u00bb, glisse Thomas Delmas, qui pr\u00e9voit de se rendre sur place plus tard dans la journ\u00e9e\u2026<\/p>\n<p><a data-article-figure=\"\" href=\"https:\/\/france3-regions.franceinfo.fr\/image\/RaepX_q4jbQNiG6EZhSruDwlJtI\/1920x1080\/regions\/2025\/09\/05\/affiche-sbm-68badabd00d99400930974.jpg\" data-pswp-width=\"1920\" data-pswp-height=\"1080\" target=\"_blank\" rel=\"nofollow noopener\"><\/p>\n<p>          <img width=\"600\" height=\"400\" class=\"article-image lazy\" data-src=\"https:\/\/www.europesays.com\/fr\/wp-content\/uploads\/2025\/09\/affiche-sbm-68badabd00d99400930974.jpg\" alt=\"La SBM a install\u00e9 des affiches demandant \u00e0 ce que sa client\u00e8le ne soit pas film\u00e9e\" fetchpriority=\"high\" as=\"image\"\/><\/p>\n<p>\n            La SBM a install\u00e9 des affiches demandant \u00e0 ce que sa client\u00e8le ne soit pas film\u00e9e<br \/>\n                           \u2022<br \/>\n                                      \u00a9 Benoit Loth \/ FTV\n                      <\/p>\n<p><\/a><\/p>\n<p>Depuis cet \u00e9t\u00e9, des barri\u00e8res et des affichettes sont apparues sur la place du Casino, \u00e0 l\u2019initiative de la Soci\u00e9t\u00e9 des bains de mers. Les barri\u00e8res canalisent les car spotters et les badauds qui avaient tendance \u00e0 d\u00e9ambuler un peu trop pr\u00e8s des pr\u00e9cieuses carrosseries. Les affichettes rappellent les r\u00e8gles en mati\u00e8re de respect de la vie priv\u00e9e\u2026 car \u00e0 bord des bolides, il y a des clients des palaces.<\/p>\n<p>Certains spotters s\u2019int\u00e9resseraient plus aux occupants des voitures, et plus pr\u00e9cis\u00e9ment aux occupantes. Les vid\u00e9os de jeunes femmes s\u2019extirpant de voitures tr\u00e8s basses, dans des postures parfois peu respectueuses, buzzent sur les r\u00e9seaux sociaux.<\/p>\n<p>La Soci\u00e9t\u00e9 des bains de mer (SBM) a donc pris le sujet au s\u00e9rieux avec plus d\u2019agents de s\u00e9curit\u00e9 sur place pour \u00e9viter les d\u00e9rives voyeuristes. Un YouTubeur qui s\u2019\u00e9tait sp\u00e9cialis\u00e9 dans ces vid\u00e9os voyeuses serait m\u00eame personna non grata place du Casino.<\/p>\n<p>Quelques centaines de m\u00e8tres plus loin, dans la l\u00e9gendaire \u00e9pingle du Fairmont (ex-Loews), des dizaines de personnes guettent le passage des bolides. Des attroupements qui parfois g\u00e9n\u00e8rent des troubles.<\/p>\n<\/p>\n<p>Le 5 ao\u00fbt, Thomas Delmas diffusait sur Instagram une vid\u00e9o de la foule envahissant la chauss\u00e9e. \u00ab\u00a0On passe pour des clowns \u00e0 cause de personnes mal \u00e9duqu\u00e9es ou qui ne font absolument attention \u00e0 rien\u00a0\u00bb, d\u00e9nonce le spotter. Sa vid\u00e9o a depuis d\u00e9pass\u00e9 les 5 millions de vues !<\/p>\n<p>Depuis, la Principaut\u00e9 a pris des mesures. R\u00e9guli\u00e8rement, des policiers de la division \u00c9v\u00e9nementiel rappellent \u00e0 l\u2019ordre les pi\u00e9tons qui stationnement en dehors des trottoirs\u2026 \u00ab\u00a0Quand on a des regroupements, on intervient de fa\u00e7on pr\u00e9ventive, on marque une pr\u00e9sence polici\u00e8re pour montrer qu\u2019on ne tol\u00e8rera pas de d\u00e9bordements\u00a0\u00bb, indique le commandant Fabien Vachetta, chef de la division \u00c9v\u00e9nementiel de la police mon\u00e9gasque.<\/p>\n<blockquote class=\"ftvi_content_quote\">\n<p class=\"ftvi_citation_quote\">En g\u00e9n\u00e9ral se passe tr\u00e8s bien, fait partie des attractions de la Principaut\u00e9.<\/p>\n<p>Fabien Vachetta, chef de la division Ev\u00e9nementiel de la police mon\u00e9gasque<\/p>\n<\/blockquote>\n<p>La police encadre les pi\u00e9tons\u2026 mais surveille aussi les conducteurs qui pourraient prendre des libert\u00e9s avec le code de la route pour attirer les regards, comme ce fut le cas en 2023 avec le crash d\u2019une Citro\u00ebn Ami, heureusement sans gravit\u00e9.<\/p>\n<\/p>\n<p>R\u00e9cemment, <a href=\"https:\/\/www.youtube.com\/@gmk01\" target=\"_blank\" data-tooltip-url=\"https:\/\/www.youtube.com\/@gmk01\" rel=\"noopener nofollow\">le YouTubeur GMK<\/a>, surpris par des spotters lors d\u2019un franchissement de ligne blanche \u00e0 quelques m\u00e8tres du c\u00e9l\u00e8bre virage, a \u00e9t\u00e9 verbalis\u00e9. Un comble pour ce passionn\u00e9 qui entretien des relations \u00e9troites avec la police mon\u00e9gasque et n\u2019h\u00e9site pas \u00e0 sensibiliser les spotters sur les r\u00e8gles de bonne conduite.<\/p>\n<blockquote class=\"ftvi_content_quote\">\n<p class=\"ftvi_citation_quote\">Il y a des gens malheureusement qui, quand me voient, font un peu n\u2019importe quoi. Il y en a qui vont courir en plein milieu de la route avec les enfants !<\/p>\n<p>Georges Maroun Kikano alias GMK<\/p>\n<\/blockquote>\n<p>\u00ab\u00a0Quand les gens sont l\u00e0 maintenant je suis oblig\u00e9 de leur dire Les gars s\u2019il vous plait remontez sur le trottoir, faites votre photo depuis le trottoir ! confie Georges Maroun Kikano alias GMK. \u00c7a fait un peu moralisateur mais je peux pas prendre risque qu\u2019un jour un gars se fasse shooter par un scooter ou pas une autre voiture qui remonte la file un peu vite\u00a0\u00bb.<\/p>\n<\/p>\n<p>Aucun accident corporel n\u2019est heureusement \u00e0 d\u00e9plorer \u00e0 ce jour \u00e0 Monaco, mais certains carspotters historiques commencent \u00e0 d\u00e9serter la Principaut\u00e9. C\u2019est le cas de Romain, connu sur les r\u00e9seaux sous le pseudonyme de <a href=\"https:\/\/www.youtube.com\/@GESUPERCARS\" target=\"_blank\" data-tooltip-url=\"https:\/\/www.youtube.com\/@GESUPERCARS\" rel=\"noopener nofollow\">GE Supercar<\/a>, et l\u2019un des rares carspotters qui vit de sa passion.<\/p>\n<p><a data-article-figure=\"\" href=\"https:\/\/france3-regions.franceinfo.fr\/image\/nE8JamMECditJewZcyapK_69n2g\/1920x1080\/regions\/2025\/09\/05\/cannes-monaco-car-spoters-2-68bae532e7e57156104203.jpg\" data-pswp-width=\"1920\" data-pswp-height=\"1080\" target=\"_blank\" rel=\"nofollow noopener\"><\/p>\n<p>          <img width=\"600\" height=\"400\" class=\"article-image lazy\" data-src=\"https:\/\/www.europesays.com\/fr\/wp-content\/uploads\/2025\/09\/cannes-monaco-car-spoters-2-68bae532e7e57156104203.jpg\" alt=\"Romain &quot;GE Supercar&quot; en plein spotting sur la Croisette \u00e0 Cannes.\" fetchpriority=\"high\" as=\"image\"\/><\/p>\n<p>\n            Romain \u00ab\u00a0GE Supercar\u00a0\u00bb en plein spotting sur la Croisette \u00e0 Cannes.<br \/>\n                           \u2022<br \/>\n                                      \u00a9 Benoit Loth \/ FTV\n                      <\/p>\n<p><\/a><\/p>\n<p>\u00ab\u00a0L\u2019\u00e2ge d\u2019or, sur Monaco, pour moi, il est fini\u00a0\u00bb, d\u00e9plore ce pionnier de la discipline. \u00ab\u00a0Les spotters ont chang\u00e9, malheureusement dans le mauvais sens, avec l\u2019apparition des gens qui faisaient des live sur TikTok sans \u00eatre passionn\u00e9s de voitures. Ils filment et prennent des photos sans n\u00e9cessairement respecter les autres car spotters. \u00c7a fait qu\u2019il y a \u00e9norm\u00e9ment de monde maintenant sur Monaco, \u00e7a en devient m\u00eame dangereux quand ils courent sur la route\u00a0\u00bb<\/p>\n<p>Romain GE Supercar, comme beaucoup d&rsquo;autres car spotters, arpentent d\u00e9sormais plus volontiers la Croisette \u00e0 <a href=\"https:\/\/france3-regions.franceinfo.fr\/provence-alpes-cote-d-azur\/alpes-maritimes\/cannes\" target=\"_blank\" data-tooltip-url=\"https:\/\/france3-regions.franceinfo.fr\/provence-alpes-cote-d-azur\/alpes-maritimes\/cannes\" rel=\"noopener nofollow\">Cannes<\/a>, o\u00f9 les supercars pullulent, particuli\u00e8rement en \u00e9t\u00e9, avec les s\u00e9jours des milliardaires du golfe Persique.<\/p>\n","protected":false},"excerpt":{"rendered":"Monaco et Cannes attirent, particuli\u00e8rement en \u00e9t\u00e9, des centaines de car spotters (des observateurs de voiture, NDLR), des&hellip;\n","protected":false},"author":2,"featured_media":371953,"comment_status":"","ping_status":"","sticky":false,"template":"","format":"standard","meta":{"footnotes":""},"categories":[1358],"tags":[1348,1384,1385,1386,58,59,1011,27],"class_list":{"0":"post-371952","1":"post","2":"type-post","3":"status-publish","4":"format-standard","5":"has-post-thumbnail","7":"category-arts-et-design","8":"tag-arts","9":"tag-arts-and-design","10":"tag-arts-et-design","11":"tag-design","12":"tag-divertissement","13":"tag-entertainment","14":"tag-fr","15":"tag-france"},"share_on_mastodon":{"url":"https:\/\/pubeurope.com\/@fr\/115160509529950253","error":""},"_links":{"self":[{"href":"https:\/\/www.europesays.com\/fr\/wp-json\/wp\/v2\/posts\/371952","targetHints":{"allow":["GET"]}}],"collection":[{"href":"https:\/\/www.europesays.com\/fr\/wp-json\/wp\/v2\/posts"}],"about":[{"href":"https:\/\/www.europesays.com\/fr\/wp-json\/wp\/v2\/types\/post"}],"author":[{"embeddable":true,"href":"https:\/\/www.europesays.com\/fr\/wp-json\/wp\/v2\/users\/2"}],"replies":[{"embeddable":true,"href":"https:\/\/www.europesays.com\/fr\/wp-json\/wp\/v2\/comments?post=371952"}],"version-history":[{"count":0,"href":"https:\/\/www.europesays.com\/fr\/wp-json\/wp\/v2\/posts\/371952\/revisions"}],"wp:featuredmedia":[{"embeddable":true,"href":"https:\/\/www.europesays.com\/fr\/wp-json\/wp\/v2\/media\/371953"}],"wp:attachment":[{"href":"https:\/\/www.europesays.com\/fr\/wp-json\/wp\/v2\/media?parent=371952"}],"wp:term":[{"taxonomy":"category","embeddable":true,"href":"https:\/\/www.europesays.com\/fr\/wp-json\/wp\/v2\/categories?post=371952"},{"taxonomy":"post_tag","embeddable":true,"href":"https:\/\/www.europesays.com\/fr\/wp-json\/wp\/v2\/tags?post=371952"}],"curies":[{"name":"wp","href":"https:\/\/api.w.org\/{rel}","templated":true}]}}