{"id":371954,"date":"2025-09-07T01:51:18","date_gmt":"2025-09-07T01:51:18","guid":{"rendered":"https:\/\/www.europesays.com\/fr\/371954\/"},"modified":"2025-09-07T01:51:18","modified_gmt":"2025-09-07T01:51:18","slug":"les-mondes-de-francois-cucchi","status":"publish","type":"post","link":"https:\/\/www.europesays.com\/fr\/371954\/","title":{"rendered":"Les mondes de Fran\u00e7ois Cucchi"},"content":{"rendered":"<p>De Thurrugu, d\u00e9fenseur du pays Lestrygon dans des temps hom\u00e9riques, jusqu&rsquo;\u00e0 Dana en passant par Salah, Telma, Ottavio, et bien d&rsquo;autres personnages, Fran\u00e7ois Cucchi nous fait plonger dans son univers. Depuis que le monde est monde, l&rsquo;homme est face \u00e0 ses choix. Comment les assumer ? A quel moment se situe le point de\u00a0bascule o\u00f9 l&rsquo;on doit prendre une d\u00e9cision ?<\/p>\n<p>Choix parfois d\u00e9licats o\u00f9 il faut explorer les chemins des possibles. Un recueil de nouvelles qui nous met aussi face \u00e0 notre propre humanit\u00e9. Il y a sans doute, dans chacun de ces personnages, un peu de nous m\u00eame. Fran\u00e7ois Cucchi conjugue, les temps, les espaces, les lieux, la diversit\u00e9 des protagonistes pour livrer un premier ouvrage cisel\u00e9 dans l&rsquo;art parfois d\u00e9licat de la nouvelle.\u00a0\u00a0<\/p>\n<p>Sans dout<strong>e <\/strong>le<strong> <\/strong>Mektoub \u00ab\u00a0c&rsquo;est \u00e9crit\u00a0\u00bb prend-il toute sa signification au fil des pages. <br \/>\u00a0<\/p>\n<p>\u00a0<\/p>\n<p><strong>&#8211; Fran\u00e7ois Cucchi votre livre lie dans un m\u00eame ouvrage des destins parfois improbables se situant dans des lieux, des \u00e9poques et des personnages diff\u00e9rents, quel est le fil rouge de toutes ces histoires ?<\/strong><\/p>\n<p>&#8211; J&rsquo;ai d&rsquo;abord pens\u00e9 \u00e9crire un recueil enti\u00e8rement centr\u00e9 sur la Corse mais, au cours de son \u00e9laboration, nous avons d\u00e9cid\u00e9 de l&rsquo;\u00e9largir \u00e0 une partie des th\u00e8mes qui nourrissent mon univers et mon imaginaire. Bien s\u00fbr notre \u00eele tient une place importante et j&rsquo;ai voulu d\u00e9voiler la Corse que j&rsquo;ai connue, celle qui a fait un enfant qui a grandi dans les ann\u00e9es 90, h\u00e9ritier d&rsquo;une culture et ancr\u00e9 dans un environnement en mutation et \u00e0 la mixit\u00e9 croissante. Pour r\u00e9pondre \u00e0 la question, les personnages qui peuplent ces nouvelles sont li\u00e9s par leur place dans la soci\u00e9t\u00e9, il s&rsquo;agit de \u00ab\u00a0petits\u00a0\u00bb, de gens normaux emport\u00e9s dans des tourments personnels ou par des choses qui les d\u00e9passent totalement. Quelles seront leurs r\u00e9actions face aux \u00e9preuves qui jalonnent leur route ? Voil\u00e0 l&rsquo;enjeu de toutes ces histoires.\u00a0\u00a0<\/p>\n<p>\u00a0<\/p>\n<p><strong>&#8211; C&rsquo;est aussi le livre du choix et plus pr\u00e9cis\u00e9ment de son instant ?<\/strong><\/p>\n<p>&#8211; Tout \u00e0 fait. L&rsquo;une des nouvelles fait allusion au tableau d&rsquo;Annibale Carracci,\u00a0Hercule \u00e0 la crois\u00e9e des chemins,\u00a0repr\u00e9sentant le personnage mythologique \u00e0 l&rsquo;heure du choix entre volupt\u00e9 et vertu. Si l&rsquo;apologue antique dont il s&rsquo;inspire ne r\u00e9v\u00e8le pas la voie emprunt\u00e9e par le h\u00e9ros, nous pouvons le deviner \u00e0 travers son histoire. Il ne s&rsquo;agit pas l\u00e0 bien s\u00fbr de proposer une opposition manich\u00e9enne entre le bien et le mal, l&rsquo;existence des hommes n&rsquo;est que nuance et nous \u00e9voluons sans cesse sur cette limite fragile, on peut m\u00eame affirmer que la vertu que l&rsquo;on peut attribuer \u00e0 certaines actions est totalement subjective. L&rsquo;id\u00e9e \u00e9tait de mettre en \u00e9vidence cette limite, d&rsquo;interroger sur la fa\u00e7on dont une d\u00e9cision instantan\u00e9e peut affecter notre destin de la m\u00eame mani\u00e8re qu&rsquo;elle peut d\u00e9couler des \u00e9preuves de toute une vie. Quoi qu&rsquo;il en soit, je reste fermement convaincu que l&rsquo;on ne sait jamais vraiment ce que nous avons en nous avant de devoir l&rsquo;affronter.<\/p>\n<p>\u00a0<\/p>\n<p><strong>&#8211; N&rsquo;est-ce pas aussi un peu un miroir qui renvoie l&rsquo;image de notre soci\u00e9t\u00e9 ?<\/strong><\/p>\n<p>&#8211; Je pense que notre soci\u00e9t\u00e9 gagnerait \u00e0 diminuer la recherche du profit imm\u00e9diat, \u00e0 ce que chacun se donne un peu de peine pour l&rsquo;int\u00e9r\u00eat g\u00e9n\u00e9ral. Les expressions de ce point de vue sont multiples au cours du recueil. Je ne sais pas si on peut dire qu&rsquo;il est un miroir de notre monde, j&rsquo;ai voulu y exprimer ma vision, ce que mon parcours personnel m&rsquo;a montr\u00e9 et j&rsquo;ai bien conscience que le panorama n&rsquo;est pas complet. Je me suis depuis toujours efforc\u00e9 de pr\u00eater attention \u00e0 l&rsquo;autre, d&rsquo;observer le monde qui m&rsquo;entoure, pas pour poser un jugement mais pour le comprendre au mieux. J&rsquo;ai c\u00f4toy\u00e9 le milieu ouvrier de nombreuses ann\u00e9es et je consid\u00e8re cela comme une chance, un apprentissage sans pareil et mon souhait \u00e9tait de le mettre en valeur.\u00a0<\/p>\n<p>C&rsquo;est pour cela que les nouvelles ayant pour d\u00e9cor la Corse contemporaine sont fortement impr\u00e9gn\u00e9es de cette exp\u00e9rience. En ces temps de revendications identitaires parfois douteuses, j&rsquo;ai voulu d\u00e9crire la soci\u00e9t\u00e9 que j&rsquo;ai connue, celle qui a fait de moi ce que je suis et que je trouve anormalement absente des repr\u00e9sentations culturelles d&rsquo;aujourd&rsquo;hui. Les peuples \u00e9voluent continuellement, je ne pense pas que mon berger Lestrygon aurait accept\u00e9 le mod\u00e8le du XIX\u00e8me si\u00e8cle que nous voyons souvent pr\u00e9sent\u00e9 comme le parangon culturel Corse.<\/p>\n<p><strong>&#8211;\u00a0Pour conclure je dirais que ce recueil tente modestement, sans renier nos origines, de mettre en lumi\u00e8re un mod\u00e8le moderne avec ses mutations et ses diverses composantes.<\/strong><\/p>\n<p>&#8211; La nouvelle n&rsquo;est pas un exercice ais\u00e9 pourquoi avoir choisi cela pour votre premier livre?<\/p>\n<p>Je participe depuis plusieurs ann\u00e9es maintenant aux ateliers d&rsquo;\u00e9criture anim\u00e9s par Marc Biancarelli. C&rsquo;est d&rsquo;ailleurs lui qui m&rsquo;a port\u00e9 jusqu&rsquo;ici et je ne l&rsquo;en remercierai jamais assez. De ces s\u00e9ances sont n\u00e9es bon nombre de nouvelles et le choix s&rsquo;est donc naturellement port\u00e9 sur un recueil de ces cr\u00e9ations. J&rsquo;aime beaucoup cet exercice, faire passer une \u00e9motion, cr\u00e9er des personnages qui interpelleront le lecteur en quelques pages dans un concentr\u00e9 de litt\u00e9rature est un d\u00e9fi passionnant. Je dois aussi avouer que le roman me faisait peur pour une entr\u00e9e en mati\u00e8re, mais bien s\u00fbr il s&rsquo;agit d&rsquo;un r\u00eave que j&rsquo;esp\u00e8re r\u00e9aliser un jour. J&rsquo;ai d&rsquo;ailleurs quelques id\u00e9es mais je vais d&rsquo;abord savourer l&rsquo;exp\u00e9rience pr\u00e9sente.<\/p>\n","protected":false},"excerpt":{"rendered":"De Thurrugu, d\u00e9fenseur du pays Lestrygon dans des temps hom\u00e9riques, jusqu&rsquo;\u00e0 Dana en passant par Salah, Telma, Ottavio,&hellip;\n","protected":false},"author":2,"featured_media":371955,"comment_status":"","ping_status":"","sticky":false,"template":"","format":"standard","meta":{"footnotes":""},"categories":[1357],"tags":[5622,5621,6777,1379,5624,11049,2517,11050,11051,11052,58,59,118,1011,27,14914,50603,1380,2487],"class_list":{"0":"post-371954","1":"post","2":"type-post","3":"status-publish","4":"format-standard","5":"has-post-thumbnail","7":"category-livres","8":"tag-ajaccio","9":"tag-bastia","10":"tag-bonjour","11":"tag-books","12":"tag-calvi","13":"tag-cni","14":"tag-corse","15":"tag-corse-net-infos","16":"tag-corsenetinfos","17":"tag-corsica","18":"tag-divertissement","19":"tag-entertainment","20":"tag-faits-divers","21":"tag-fr","22":"tag-france","23":"tag-lingua-corsa","24":"tag-litterature-les-mondes-de-francois-cucchi","25":"tag-livres","26":"tag-meteo"},"share_on_mastodon":{"url":"https:\/\/pubeurope.com\/@fr\/115160513472959461","error":""},"_links":{"self":[{"href":"https:\/\/www.europesays.com\/fr\/wp-json\/wp\/v2\/posts\/371954","targetHints":{"allow":["GET"]}}],"collection":[{"href":"https:\/\/www.europesays.com\/fr\/wp-json\/wp\/v2\/posts"}],"about":[{"href":"https:\/\/www.europesays.com\/fr\/wp-json\/wp\/v2\/types\/post"}],"author":[{"embeddable":true,"href":"https:\/\/www.europesays.com\/fr\/wp-json\/wp\/v2\/users\/2"}],"replies":[{"embeddable":true,"href":"https:\/\/www.europesays.com\/fr\/wp-json\/wp\/v2\/comments?post=371954"}],"version-history":[{"count":0,"href":"https:\/\/www.europesays.com\/fr\/wp-json\/wp\/v2\/posts\/371954\/revisions"}],"wp:featuredmedia":[{"embeddable":true,"href":"https:\/\/www.europesays.com\/fr\/wp-json\/wp\/v2\/media\/371955"}],"wp:attachment":[{"href":"https:\/\/www.europesays.com\/fr\/wp-json\/wp\/v2\/media?parent=371954"}],"wp:term":[{"taxonomy":"category","embeddable":true,"href":"https:\/\/www.europesays.com\/fr\/wp-json\/wp\/v2\/categories?post=371954"},{"taxonomy":"post_tag","embeddable":true,"href":"https:\/\/www.europesays.com\/fr\/wp-json\/wp\/v2\/tags?post=371954"}],"curies":[{"name":"wp","href":"https:\/\/api.w.org\/{rel}","templated":true}]}}