{"id":371974,"date":"2025-09-07T02:02:14","date_gmt":"2025-09-07T02:02:14","guid":{"rendered":"https:\/\/www.europesays.com\/fr\/371974\/"},"modified":"2025-09-07T02:02:14","modified_gmt":"2025-09-07T02:02:14","slug":"le-pape-sapprete-a-canoniser-dimanche-un-jeune-geek-mort-a-15-ans-et-surnomme-linfluenceur-de-dieu-liberation","status":"publish","type":"post","link":"https:\/\/www.europesays.com\/fr\/371974\/","title":{"rendered":"Le pape s\u2019appr\u00eate \u00e0 canoniser dimanche un jeune geek mort \u00e0 15\u00a0ans et surnomm\u00e9 \u00abl\u2019influenceur de Dieu\u00bb \u2013 Lib\u00e9ration"},"content":{"rendered":"<p class=\"sc-cPiKLX AiZTS text-element\">\u00abLe premier saint de l\u2019Internet\u00bb, \u00able geek de J\u00e9sus\u00bb, \u00able cyber-ap\u00f4tre\u00bb. Dimanche 7 septembre, une canonisation singuli\u00e8re va avoir lieu : celle du jeune Carlo Acutis, un adolescent italien mort pr\u00e9matur\u00e9ment \u00e0 l\u2019\u00e2ge de 15 ans, en 2006. Il s\u2019agit du tout premier mill\u00e9nial de l\u2019\u00c9glise catholique, c\u2019est-\u00e0-dire issu de la g\u00e9n\u00e9ration Y qui est n\u00e9e avec Internet. Un outil qu\u2019il avait su mettre \u00e0 profit de la diffusion de la foi catholique, dont il \u00e9tait un fervent partisan, devenant, d\u00e8s le d\u00e9but des ann\u00e9es 2000 et aujourd\u2019hui encore, une idole chez les jeunes cathos.<\/p>\n<p class=\"sc-cPiKLX AiZTS text-element\">N\u00e9 en 1991 \u00e0 Londres de parents italiens ais\u00e9s, Carlo Acutis rentre \u00e0 Milan avec sa famille alors qu\u2019il n\u2019a que quatre mois. Sa m\u00e8re, Antonia Salzano, <a href=\"https:\/\/www.theguardian.com\/world\/2025\/sep\/06\/pope-prepares-to-canonise-london-born-teenager-nicknamed-gods-influencer\" target=\"_blank\" rel=\"noopener\" title=\"https:\/\/www.theguardian.com\/world\/2025\/sep\/06\/pope-prepares-to-canonise-london-born-teenager-nicknamed-gods-influencer\">confie au Guardian<\/a> ce samedi, qu\u2019elle n\u2019\u00e9tait pas n\u00e9cessairement croyante, mais que son fils s\u2019est vou\u00e9 d\u00e8s son plus jeune \u00e2ge \u00e0 la religion catholique. \u00abIl allait \u00e0 la messe et r\u00e9citait le chapelet chaque jour\u00bb, raconte-t-elle, ajoutant que c\u2019\u00e9tait un enfant qui \u00abne pouvait rester indiff\u00e9rent \u00e0 la tristesse\u00bb. \u00abNous vivions dans le centre de Milan, dans un immeuble entour\u00e9 de mendiants, dit-elle. Il voulait les aider, leur parler, leur apporter de la nourriture et des couvertures.\u00bb <\/p>\n<p class=\"sc-cPiKLX AiZTS text-element\">Enfant pr\u00e9coce \u2013 il aurait commenc\u00e9 \u00e0 parler \u00e0 5 mois, \u00e0 \u00e9crire \u00e0 4 ans, \u00e0 coder \u00e0 12 &#8211; n\u2019en est pas moins ordinaire : sa m\u00e8re assure qu\u2019il aimait passer du temps avec ses amis, faisait du sport, jouait \u00e0 la PlayStation. Selon sa biographie officielle, le jeune gar\u00e7on avait \u00e9galement une passion pour les animaux et le football, et passait des heures derri\u00e8re son ordinateur. En somme, la vie banale d\u2019un enfant des ann\u00e9es 2000.<\/p>\n<p class=\"sc-cPiKLX AiZTS text-element\">Sa r\u00e9putation na\u00eet lorsqu\u2019il commence \u00e0 cr\u00e9er des sites web pour diffuser la foi catholique, transformant son talent pour le num\u00e9rique en outil d\u2019\u00e9vang\u00e9lisation. <a href=\"https:\/\/www.miracolieucaristici.org\/galleria\/en\/galleria.html\" target=\"_blank\" rel=\"noreferrer noopener\" title=\"https:\/\/www.miracolieucaristici.org\/galleria\/en\/galleria.html\">Le plus c\u00e9l\u00e8bre d\u2019entre eux,<\/a> (miracolieucaristici.org), traduit dans vingt langues, recense les miracles eucharistiques. \u00abCarlo \u00e9tait un passionn\u00e9 d\u2019internet, raconte sa m\u00e8re. Mais il avait la temp\u00e9rance d\u2019utiliser la technologie pour le bien et ne s\u2019en laissait pas abuser\u00bb. Une initiative utile \u00e0 l\u2019Eglise catholique, salu\u00e9e par le pape Fran\u00e7ois en personne comme d\u2019une mani\u00e8re de \u00abcommuniquer les valeurs du Christ et de sa beaut\u00e9\u00bb. <\/p>\n<p class=\"sc-cPiKLX AiZTS text-element\">Mais \u00e0 l\u2019\u00e2ge de 15 ans, en octobre 2006, il meurt subitement d\u2019une leuc\u00e9mie. La popularit\u00e9 du jeune geek se traduit lors de ses fun\u00e9railles : de nombreuses personnes qu\u2019il avait aid\u00e9es au cours de sa br\u00e8ve vie \u00e9taient pr\u00e9sentes. Sa m\u00e8re affirme que c\u2019est \u00e0 cette \u00e9poque que Carlo a commenc\u00e9 \u00e0 accomplir des miracles. Deux ont \u00e9t\u00e9 formellement reconnus par le pape Fran\u00e7ois : le premier concerne la gu\u00e9rison d\u2019un gar\u00e7on au Br\u00e9sil atteint d\u2019une maladie cong\u00e9nitale rare du pancr\u00e9as et le second est la gu\u00e9rison d\u2019une \u00e9tudiante costaricaine souffrant d\u2019une h\u00e9morragie c\u00e9r\u00e9brale apr\u00e8s un traumatisme cr\u00e2nien, et dont la m\u00e8re avait pri\u00e9 sur la tombe de Carlo \u00e0 Assise, en Italie.<\/p>\n<p class=\"sc-cPiKLX AiZTS text-element\">A cela s\u2019ajoute l\u2019\u00e9tonnante conservation de son corps, retrouv\u00e9 int\u00e8gre douze ans apr\u00e8s son exhumation. Un ph\u00e9nom\u00e8ne interpr\u00e9t\u00e9 comme un signe de saintet\u00e9. En 2018, le pape Fran\u00e7ois lui conf\u00e8re le titre de v\u00e9n\u00e9rable, reconnaissant que sa vie a \u00e9t\u00e9 exemplaire, premi\u00e8re \u00e9tape avant la b\u00e9atification et la canonisation. L\u2019engouement s\u2019accentue alors autour du jeune homme, qui repose depuis quatre ans \u00e0 Assise dans une ch\u00e2sse, les mains jointes, baskets Nike, jean et sweat sur les \u00e9paules \u2014 modernisant consid\u00e9rablement l\u2019image que l\u2019on se fait d\u2019un saint.<\/p>\n<p class=\"sc-cPiKLX AiZTS text-element\">Sa canonisation, initialement pr\u00e9vue le 27 avril dernier mais report\u00e9e <a href=\"https:\/\/www.liberation.fr\/societe\/religions\/mort-de-francois-le-pape-qui-venait-de-loin-20250421_LV27A3B3BNG7LBP22PCD6WN6G4\/?redirected=1\" target=\"_blank\" rel=\"noreferrer noopener\" title=\"https:\/\/www.liberation.fr\/societe\/religions\/mort-de-francois-le-pape-qui-venait-de-loin-20250421_LV27A3B3BNG7LBP22PCD6WN6G4\/?redirected=1\">apr\u00e8s la mort du pape Fran\u00e7ois<\/a>, fait d\u00e9bat au sein de l\u2019Eglise \u2014 peut-on vraiment \u00eatre saint \u00e0 quinze ans ? D\u2019autant plus que cet \u00e9v\u00e8nement co\u00efncide avec la canonisation de Pier Giorgio Frassati, un autre jeune militant catholique d\u00e9c\u00e9d\u00e9 il y a un si\u00e8cle. Mais le mod\u00e8le qu\u2019il repr\u00e9sente pour la jeunesse catholique, \u00e0 laquelle il est plus facile de s\u2019identifier, est pr\u00e9cieux pour l\u2019\u00c9glise, qui souhaite attirer davantage de jeunes vers la foi. Pour sa m\u00e8re, \u00abCarlo nous rappelle qu\u2019il est possible pour chacun de devenir saint\u00bb. <\/p>\n","protected":false},"excerpt":{"rendered":"\u00abLe premier saint de l\u2019Internet\u00bb, \u00able geek de J\u00e9sus\u00bb, \u00able cyber-ap\u00f4tre\u00bb. Dimanche 7 septembre, une canonisation singuli\u00e8re va&hellip;\n","protected":false},"author":2,"featured_media":371975,"comment_status":"","ping_status":"","sticky":false,"template":"","format":"standard","meta":{"footnotes":""},"categories":[2],"tags":[11,11863,1011,27,12,18469],"class_list":{"0":"post-371974","1":"post","2":"type-post","3":"status-publish","4":"format-standard","5":"has-post-thumbnail","7":"category-actualites","8":"tag-actualites","9":"tag-catholicisme","10":"tag-fr","11":"tag-france","12":"tag-news","13":"tag-pape-apres-benoit-xvi"},"share_on_mastodon":{"url":"https:\/\/pubeurope.com\/@fr\/115160556696384279","error":""},"_links":{"self":[{"href":"https:\/\/www.europesays.com\/fr\/wp-json\/wp\/v2\/posts\/371974","targetHints":{"allow":["GET"]}}],"collection":[{"href":"https:\/\/www.europesays.com\/fr\/wp-json\/wp\/v2\/posts"}],"about":[{"href":"https:\/\/www.europesays.com\/fr\/wp-json\/wp\/v2\/types\/post"}],"author":[{"embeddable":true,"href":"https:\/\/www.europesays.com\/fr\/wp-json\/wp\/v2\/users\/2"}],"replies":[{"embeddable":true,"href":"https:\/\/www.europesays.com\/fr\/wp-json\/wp\/v2\/comments?post=371974"}],"version-history":[{"count":0,"href":"https:\/\/www.europesays.com\/fr\/wp-json\/wp\/v2\/posts\/371974\/revisions"}],"wp:featuredmedia":[{"embeddable":true,"href":"https:\/\/www.europesays.com\/fr\/wp-json\/wp\/v2\/media\/371975"}],"wp:attachment":[{"href":"https:\/\/www.europesays.com\/fr\/wp-json\/wp\/v2\/media?parent=371974"}],"wp:term":[{"taxonomy":"category","embeddable":true,"href":"https:\/\/www.europesays.com\/fr\/wp-json\/wp\/v2\/categories?post=371974"},{"taxonomy":"post_tag","embeddable":true,"href":"https:\/\/www.europesays.com\/fr\/wp-json\/wp\/v2\/tags?post=371974"}],"curies":[{"name":"wp","href":"https:\/\/api.w.org\/{rel}","templated":true}]}}