{"id":371976,"date":"2025-09-07T02:03:35","date_gmt":"2025-09-07T02:03:35","guid":{"rendered":"https:\/\/www.europesays.com\/fr\/371976\/"},"modified":"2025-09-07T02:03:35","modified_gmt":"2025-09-07T02:03:35","slug":"saint-etienne-le-scooteriste-conduisait-sous-stupefiants-a-chavassieux","status":"publish","type":"post","link":"https:\/\/www.europesays.com\/fr\/371976\/","title":{"rendered":"Saint-Etienne. Le scoot\u00e9riste conduisait sous stup\u00e9fiants \u00e0 Chavassieux"},"content":{"rendered":"<p>Mercredi \u00e0 11\u00a0h\u00a030, un \u00e9quipage de police-secours \u00e9tait en patrouille dans le quartier st\u00e9phanois de Chavassieux quand un individu qui \u00e9tait en train de faire le plein d\u2019essence pour son scooter 125 cm\u00b3 prend la fuite \u00e0 la vue des agents. Ces derniers lui signalent de s\u2019arr\u00eater, ce que le scoot\u00e9riste refuse avant de chuter de son deux-roues et de continuer sa fuite \u00e0 pied.<\/p>\n<p>Interpell\u00e9 par les policiers, ce St\u00e9phanois de 18\u00a0ans, qui fait l\u2019objet d\u2019une OQTF (Obligation de quitter le territoire fran\u00e7ais), a \u00e9t\u00e9 plac\u00e9 en garde \u00e0 vue et a fait l\u2019objet d\u2019une convocation en justice pour refus d\u2019obtemp\u00e9rer, d\u00e9faut de permis de conduire, conduite sous l\u2019emprise de stup\u00e9fiants et usage de stup\u00e9fiants, il avait quelques grammes de r\u00e9sine de cannabis sur lui.<\/p>\n","protected":false},"excerpt":{"rendered":"Mercredi \u00e0 11\u00a0h\u00a030, un \u00e9quipage de police-secours \u00e9tait en patrouille dans le quartier st\u00e9phanois de Chavassieux quand un&hellip;\n","protected":false},"author":2,"featured_media":371977,"comment_status":"","ping_status":"","sticky":false,"template":"","format":"standard","meta":{"footnotes":""},"categories":[9653],"tags":[1111,11,2430,271,272,7539,1777,674,274,1011,27,3367,12,25,4001,7538],"class_list":{"0":"post-371976","1":"post","2":"type-post","3":"status-publish","4":"format-standard","5":"has-post-thumbnail","7":"category-saint-etienne","8":"tag-actu","9":"tag-actualites","10":"tag-auvergne-rhone-alpes","11":"tag-crime","12":"tag-delit-et-contravention","13":"tag-edition-loire-sud","14":"tag-eu","15":"tag-europe","16":"tag-faits-divers-justice","17":"tag-fr","18":"tag-france","19":"tag-loire","20":"tag-news","21":"tag-republique-francaise","22":"tag-saint-etienne","23":"tag-saint-etienne-ville"},"share_on_mastodon":{"url":"https:\/\/pubeurope.com\/@fr\/115160560708765846","error":""},"_links":{"self":[{"href":"https:\/\/www.europesays.com\/fr\/wp-json\/wp\/v2\/posts\/371976","targetHints":{"allow":["GET"]}}],"collection":[{"href":"https:\/\/www.europesays.com\/fr\/wp-json\/wp\/v2\/posts"}],"about":[{"href":"https:\/\/www.europesays.com\/fr\/wp-json\/wp\/v2\/types\/post"}],"author":[{"embeddable":true,"href":"https:\/\/www.europesays.com\/fr\/wp-json\/wp\/v2\/users\/2"}],"replies":[{"embeddable":true,"href":"https:\/\/www.europesays.com\/fr\/wp-json\/wp\/v2\/comments?post=371976"}],"version-history":[{"count":0,"href":"https:\/\/www.europesays.com\/fr\/wp-json\/wp\/v2\/posts\/371976\/revisions"}],"wp:featuredmedia":[{"embeddable":true,"href":"https:\/\/www.europesays.com\/fr\/wp-json\/wp\/v2\/media\/371977"}],"wp:attachment":[{"href":"https:\/\/www.europesays.com\/fr\/wp-json\/wp\/v2\/media?parent=371976"}],"wp:term":[{"taxonomy":"category","embeddable":true,"href":"https:\/\/www.europesays.com\/fr\/wp-json\/wp\/v2\/categories?post=371976"},{"taxonomy":"post_tag","embeddable":true,"href":"https:\/\/www.europesays.com\/fr\/wp-json\/wp\/v2\/tags?post=371976"}],"curies":[{"name":"wp","href":"https:\/\/api.w.org\/{rel}","templated":true}]}}