{"id":371987,"date":"2025-09-07T02:11:10","date_gmt":"2025-09-07T02:11:10","guid":{"rendered":"https:\/\/www.europesays.com\/fr\/371987\/"},"modified":"2025-09-07T02:11:10","modified_gmt":"2025-09-07T02:11:10","slug":"de-montpellier-a-beyrouth-linnovation-medicale-en-partage","status":"publish","type":"post","link":"https:\/\/www.europesays.com\/fr\/371987\/","title":{"rendered":"De Montpellier \u00e0 Beyrouth: l\u2019innovation m\u00e9dicale en partage"},"content":{"rendered":"<p><b>Un pont m\u00e9dical entre la France et le Liban: l\u2019H\u00f4pital fran\u00e7ais du Levant s\u2019associe au CHU de Montpellier pour d\u00e9velopper la formation des m\u00e9decins, moderniser les pratiques chirurgicales et renforcer la recherche clinique.<br \/>\n<\/b><\/p>\n<p>La salle de conf\u00e9rence de l\u2019H\u00f4pital fran\u00e7ais du Levant vibrait vendredi d\u2019une effervescence inhabituelle. Blouses blanches impeccables, costumes sobres, regards attentifs: m\u00e9decins, chercheurs, diplomates et repr\u00e9sentants institutionnels s\u2019\u00e9taient donn\u00e9 rendez-vous pour un moment rare dans l\u2019histoire r\u00e9cente de la m\u00e9decine libanaise.<\/p>\n<p>Sous les grandes baies vitr\u00e9es baignant la salle de lumi\u00e8re, la signature officielle du partenariat strat\u00e9gique entre le Centre hospitalier universitaire de Montpellier (CHU Montpellier) et l\u2019H\u00f4pital fran\u00e7ais du Levant a marqu\u00e9 une \u00e9tape majeure dans l\u2019internationalisation des soins et des savoirs.<\/p>\n<p>L\u2019\u00e9v\u00e9nement s\u2019est d\u00e9roul\u00e9 en pr\u00e9sence d\u2019Anne Ferrer, directrice g\u00e9n\u00e9rale du CHU Montpellier, du Dr Antoine Maalouf, pr\u00e9sident de l\u2019H\u00f4pital fran\u00e7ais du Levant, de Didier Vendr\u00f4me, repr\u00e9sentant le Consulat g\u00e9n\u00e9ral de France, du Pr Pierre Yared, pr\u00e9sident du Syndicat des h\u00f4pitaux du Liban, ainsi que de nombreux experts m\u00e9dicaux et personnalit\u00e9s diplomatiques.<\/p>\n<p><strong>\u00abLa sant\u00e9 ne conna\u00eet ni fronti\u00e8res ni hi\u00e9rarchies\u00bb<\/strong><\/p>\n<p>Dans un silence solennel, le Dr Antoine Maalouf a pris la parole le premier, la voix ferme et pos\u00e9e. \u00abCet h\u00f4pital, modeste par sa taille, mais grand par la d\u00e9termination de son \u00e9quipe m\u00e9dicale, a eu l\u2019honneur de recevoir votre soutien dans la pr\u00e9paration et la r\u00e9ussite de cet accord\u00bb, a-t-il d\u00e9clar\u00e9, saluant les efforts conjoints des \u00e9quipes libanaise et fran\u00e7aise.<\/p>\n<p>Puis, le m\u00e9decin a livr\u00e9 un message qui r\u00e9sonne comme un credo: \u00abLa sant\u00e9 ne conna\u00eet ni fronti\u00e8res ni hi\u00e9rarchies; elle repose sur un r\u00e9seau vivant o\u00f9 les plus grands soutiennent les plus petits.\u00bb<\/p>\n<p>Pour lui, cette coop\u00e9ration d\u00e9passe largement les consid\u00e9rations techniques: \u00abCe n\u2019est pas seulement un rendez-vous administratif, mais un moment d\u2019esp\u00e9rance, de dialogue et d\u2019ouverture, qui permet \u00e0 nos ambitions de se concr\u00e9tiser et \u00e0 notre maison modeste de briller \u00e0 la lumi\u00e8re de votre grande expertise.\u00bb<\/p>\n<p><strong>Montpellier, un partenaire d\u2019excellence<\/strong><\/p>\n<p>Prenant la parole \u00e0 son tour, Mme Anne Ferrer, directrice g\u00e9n\u00e9rale du CHU de Montpellier, a rappel\u00e9 la vocation de ce partenariat: \u00e9lever les standards m\u00e9dicaux, renforcer la formation acad\u00e9mique et rapprocher les \u00e9quipes des deux rives de la M\u00e9diterran\u00e9e.<\/p>\n<p>\u00abLe Liban et la France partagent une longue tradition de coop\u00e9ration m\u00e9dicale. Cet accord vise \u00e0 renforcer ce lien par un \u00e9change r\u00e9ciproque de connaissances, de comp\u00e9tences et d\u2019exp\u00e9riences.\u00bb<\/p>\n<p>Le Dr \u00c9lie Abboud, ancien d\u00e9put\u00e9 de Montpellier et directeur des relations m\u00e9dicales internationales, est ensuite revenu sur l\u2019origine de ce projet ambitieux. Il a soulign\u00e9 l\u2019importance de ce rapprochement, fruit de plusieurs ann\u00e9es de dialogue, de missions m\u00e9dicales conjointes et de partenariats universitaires.<\/p>\n<p><strong>Un partenariat multidimensionnel<\/strong><\/p>\n<p>Ce nouvel accord jette les bases d\u2019une coop\u00e9ration large et structur\u00e9e entre les deux institutions. Il pr\u00e9voit:<\/p>\n<p>&#8211; Des \u00e9changes acad\u00e9miques: formations avanc\u00e9es pour m\u00e9decins, internes et \u00e9tudiants libanais, stages sp\u00e9cialis\u00e9s \u00e0 Montpellier et sessions pratiques au Levant.<\/p>\n<p>&#8211; Des projets de recherche conjoints: \u00e9tudes multicentriques sur les pathologies \u00e9mergentes, innovations th\u00e9rapeutiques et essais cliniques.<\/p>\n<p>&#8211; Le d\u00e9veloppement des pratiques chirurgicales avanc\u00e9es: chirurgie mini-invasive, robotique, nouvelles techniques op\u00e9ratoires et consultations m\u00e9dicales sp\u00e9cialis\u00e9es.<\/p>\n<p>&#8211; Une plateforme de dialogue permanent: \u00e9changes directs entre experts libanais et sp\u00e9cialistes internationaux pour mettre \u00e0 jour les recommandations et les protocoles de soins.<\/p>\n<p><strong>Un souffle d\u2019espoir pour la m\u00e9decine libanaise<\/strong><\/p>\n<p>Au-del\u00e0 des signatures et des protocoles, ce partenariat incarne une ambition: redonner \u00e0 la m\u00e9decine libanaise son \u00e9clat sur la sc\u00e8ne internationale.<\/p>\n<p>Pour le Dr Antoine Maalouf, cet accord est un signal fort: \u00abMalgr\u00e9 les crises, le Liban reste une terre d\u2019innovation, de talent et de comp\u00e9tence. Gr\u00e2ce \u00e0 nos partenaires fran\u00e7ais, nous posons aujourd\u2019hui les bases d\u2019une m\u00e9decine plus moderne, plus humaine et plus tourn\u00e9e vers le patient.\u00bb<\/p>\n<p>Alors que les participants quittaient la salle, les conversations se poursuivaient autour d\u2019un m\u00eame constat: cette alliance marque un tournant pour l\u2019avenir de la sant\u00e9 au Liban, en ouvrant l\u2019H\u00f4pital fran\u00e7ais du Levant \u00e0 un r\u00e9seau scientifique international qui promet d\u2019acc\u00e9l\u00e9rer l\u2019innovation m\u00e9dicale et la formation des praticiens.<\/p>\n","protected":false},"excerpt":{"rendered":"Un pont m\u00e9dical entre la France et le Liban: l\u2019H\u00f4pital fran\u00e7ais du Levant s\u2019associe au CHU de Montpellier&hellip;\n","protected":false},"author":2,"featured_media":371988,"comment_status":"","ping_status":"","sticky":false,"template":"","format":"standard","meta":{"footnotes":""},"categories":[9599],"tags":[1111,11,1777,674,1011,27,2208,12,2680,25],"class_list":{"0":"post-371987","1":"post","2":"type-post","3":"status-publish","4":"format-standard","5":"has-post-thumbnail","7":"category-montpellier","8":"tag-actu","9":"tag-actualites","10":"tag-eu","11":"tag-europe","12":"tag-fr","13":"tag-france","14":"tag-montpellier","15":"tag-news","16":"tag-occitanie","17":"tag-republique-francaise"},"share_on_mastodon":{"url":"https:\/\/pubeurope.com\/@fr\/115160592087025432","error":""},"_links":{"self":[{"href":"https:\/\/www.europesays.com\/fr\/wp-json\/wp\/v2\/posts\/371987","targetHints":{"allow":["GET"]}}],"collection":[{"href":"https:\/\/www.europesays.com\/fr\/wp-json\/wp\/v2\/posts"}],"about":[{"href":"https:\/\/www.europesays.com\/fr\/wp-json\/wp\/v2\/types\/post"}],"author":[{"embeddable":true,"href":"https:\/\/www.europesays.com\/fr\/wp-json\/wp\/v2\/users\/2"}],"replies":[{"embeddable":true,"href":"https:\/\/www.europesays.com\/fr\/wp-json\/wp\/v2\/comments?post=371987"}],"version-history":[{"count":0,"href":"https:\/\/www.europesays.com\/fr\/wp-json\/wp\/v2\/posts\/371987\/revisions"}],"wp:featuredmedia":[{"embeddable":true,"href":"https:\/\/www.europesays.com\/fr\/wp-json\/wp\/v2\/media\/371988"}],"wp:attachment":[{"href":"https:\/\/www.europesays.com\/fr\/wp-json\/wp\/v2\/media?parent=371987"}],"wp:term":[{"taxonomy":"category","embeddable":true,"href":"https:\/\/www.europesays.com\/fr\/wp-json\/wp\/v2\/categories?post=371987"},{"taxonomy":"post_tag","embeddable":true,"href":"https:\/\/www.europesays.com\/fr\/wp-json\/wp\/v2\/tags?post=371987"}],"curies":[{"name":"wp","href":"https:\/\/api.w.org\/{rel}","templated":true}]}}