{"id":371991,"date":"2025-09-07T02:16:30","date_gmt":"2025-09-07T02:16:30","guid":{"rendered":"https:\/\/www.europesays.com\/fr\/371991\/"},"modified":"2025-09-07T02:16:30","modified_gmt":"2025-09-07T02:16:30","slug":"pro-d2-il-reste-des-reglages-a-faire-le-fcg-domine-aurillac-avec-le-bonus-offensif-et-reprend-ses-bonnes-habitudes-a-domicile","status":"publish","type":"post","link":"https:\/\/www.europesays.com\/fr\/371991\/","title":{"rendered":"Pro D2. \u00ab Il reste des r\u00e9glages \u00e0 faire \u00bb : le FCG domine Aurillac avec le bonus offensif et reprend ses bonnes habitudes \u00e0 domicile"},"content":{"rendered":"<p class=\"insetTitle\">R\u00e9actions<\/p>\n<p><strong>Aur\u00e9lien Callandret (ailier de Grenoble)\u00a0:<\/strong> \u00ab\u00a0Une soir\u00e9e r\u00e9ussie\u00a0? Je ne sais pas. D\u00e9j\u00e0, on a perdu Gerswin (Mouton) sur blessure. Ensuite, on a \u00e9t\u00e9 tr\u00e8s poussif dans le jeu. Cela a \u00e9t\u00e9 mieux en deuxi\u00e8me p\u00e9riode mais en premi\u00e8re, on s\u2019est jet\u00e9 les ballons sur la t\u00eate, chacun a trop voulu faire son exploit. On s\u2019est pris les pieds dans le tapis en voulant trop jouer. Il y a eu un peu de suffisance je trouve. C\u2019\u00e9tait mieux en deuxi\u00e8me, on a fait preuve de patience, on a jou\u00e9 plus collectif. Mais il reste encore des r\u00e9glages \u00e0 faire avant d\u2019aller \u00e0 Agen. Apr\u00e8s, on a pris cinq points, on est sur deux victoires, c\u2019est pas mal quand m\u00eame. Personnellement, j\u2019ai marqu\u00e9 mon deuxi\u00e8me essai. Je suis content. Pourvu que \u00e7a dure\u2026\u00a0\u00bb\u00a0\u00a0<\/p>\n<p><strong>Jos\u00e9 Madeira (3e ligne et capitaine de Grenoble)\u00a0:<\/strong> \u00ab\u00a0Je suis fier des gars car ce fut un match compliqu\u00e9 contre une belle \u00e9quipe d\u2019Aurillac. Le regret, c\u2019est qu\u2019on n\u2019a pas trop respect\u00e9 le plan de jeu et Aurillac a bien d\u00e9but\u00e9. C\u2019\u00e9tait notre premier match \u00e0 la maison, devant notre public, on voulait bien faire. On a trop jou\u00e9 au large et on a manqu\u00e9 de pr\u00e9cision. On a des d\u00e9tails \u00e0 r\u00e9gler. Il faut qu\u2019on arrive \u00e0 \u00eatre constant tout un match. On a su rectifier le tir ensuite.\u00a0\u00c0 la mi-temps, on voulait remettre du calme et remettre les choses dans l\u2019ordre. On a deux victoires et c\u2019est tr\u00e8s important pour nous.\u00a0\u00bb\u00a0\u00a0\u00a0\u00a0\u00a0\u00a0<\/p>\n<p><strong><a href=\"https:\/\/www.ledauphine.com\/p\/patrick-pezery\" target=\"_blank\" rel=\"noopener\">Patrick Pezery<\/a> (entra\u00eeneur de Grenoble)\u00a0:<\/strong> \u00ab\u00a0On est satisfait du r\u00e9sultat. Mais on est pass\u00e9 \u00e0 travers notre d\u00e9but de match. On n\u2019a pas respect\u00e9 le plan de jeu contre cette \u00e9quipe d\u2019Aurillac qu\u2019on savait dangereuse. On a tent\u00e9 des passes saut\u00e9es, on s\u2019est pr\u00e9cipit\u00e9 parfois.\u00a0\u00c0 la mi-temps, on a tout remis en place en s\u2019appuyant sur ce qu\u2019on avait vu toute la semaine \u00e0 l\u2019entra\u00eenement en faisant des choses simples. L\u2019objectif \u00e9tait d\u2019user et de faire craquer l\u2019adversaire. On aurait pu s\u2019\u00e9viter cette premi\u00e8re mi-temps stressante. Ensuite, en deuxi\u00e8me, le r\u00e9sultat parle de lui-m\u00eame. Le classement est anecdotique mais deux victoires en revanche, c\u2019est une bouff\u00e9e d\u2019oxyg\u00e8ne. Je n\u2019oublie pas la blessure de Gerswin (Mouton) qui est la tr\u00e8s mauvaise nouvelle de la soir\u00e9e.\u00a0\u00bb<\/p>\n<p><strong>J\u00e9r\u00e9my Wanin (entra\u00eeneur d\u2019Aurillac)\u00a0:<\/strong> \u00ab\u00a0C\u2019\u00e9tait notre premier match \u00e0 l\u2019ext\u00e9rieur et un vrai test avec de la rotation. On a r\u00e9ussi \u00e0 s\u2019accrocher mais pas jusqu\u2019au bout. A force de d\u00e9fendre, \u00e0 un moment donn\u00e9, on a fini par craquer. On a eu 30% de possession, on \u00e9tait toujours dans notre camp, on a pris quatre cartons jaunes, donc cela a \u00e9t\u00e9 compliqu\u00e9. Pour autant, j\u2019ai aim\u00e9 l\u2019\u00e9tat d\u2019esprit des gar\u00e7ons. A la mi-temps, on pouvait encore r\u00eaver. On a essay\u00e9 de retarder l\u2019\u00e9ch\u00e9ance le plus longtemps possible. Mais Grenoble, qui joue le Top 14, a fini par nous \u00e9touffer.\u00a0\u00bb<\/p>\n","protected":false},"excerpt":{"rendered":"R\u00e9actions Aur\u00e9lien Callandret (ailier de Grenoble)\u00a0: \u00ab\u00a0Une soir\u00e9e r\u00e9ussie\u00a0? Je ne sais pas. D\u00e9j\u00e0, on a perdu Gerswin&hellip;\n","protected":false},"author":2,"featured_media":371992,"comment_status":"","ping_status":"","sticky":false,"template":"","format":"standard","meta":{"footnotes":""},"categories":[9566],"tags":[1111,11,2430,112,113,114,1777,674,2727,107,1701,1011,27,2731,2732,108,12,2308,25,479,517,1947],"class_list":{"0":"post-371991","1":"post","2":"type-post","3":"status-publish","4":"format-standard","5":"has-post-thumbnail","7":"category-grenoble","8":"tag-actu","9":"tag-actualites","10":"tag-auvergne-rhone-alpes","11":"tag-edition-grenoble-agglomeration","12":"tag-edition-gresivaudan-oisans","13":"tag-edition-voiron-saint-marcellin","14":"tag-eu","15":"tag-europe","16":"tag-fcg-fc-grenoble-rugby","17":"tag-fil-info","18":"tag-fil-info-sport","19":"tag-fr","20":"tag-france","21":"tag-grenoble","22":"tag-grenoble-bassin","23":"tag-isere","24":"tag-news","25":"tag-pro-d2","26":"tag-republique-francaise","27":"tag-rugby","28":"tag-sport","29":"tag-sport-national"},"share_on_mastodon":{"url":"https:\/\/pubeurope.com\/@fr\/115160611700086989","error":""},"_links":{"self":[{"href":"https:\/\/www.europesays.com\/fr\/wp-json\/wp\/v2\/posts\/371991","targetHints":{"allow":["GET"]}}],"collection":[{"href":"https:\/\/www.europesays.com\/fr\/wp-json\/wp\/v2\/posts"}],"about":[{"href":"https:\/\/www.europesays.com\/fr\/wp-json\/wp\/v2\/types\/post"}],"author":[{"embeddable":true,"href":"https:\/\/www.europesays.com\/fr\/wp-json\/wp\/v2\/users\/2"}],"replies":[{"embeddable":true,"href":"https:\/\/www.europesays.com\/fr\/wp-json\/wp\/v2\/comments?post=371991"}],"version-history":[{"count":0,"href":"https:\/\/www.europesays.com\/fr\/wp-json\/wp\/v2\/posts\/371991\/revisions"}],"wp:featuredmedia":[{"embeddable":true,"href":"https:\/\/www.europesays.com\/fr\/wp-json\/wp\/v2\/media\/371992"}],"wp:attachment":[{"href":"https:\/\/www.europesays.com\/fr\/wp-json\/wp\/v2\/media?parent=371991"}],"wp:term":[{"taxonomy":"category","embeddable":true,"href":"https:\/\/www.europesays.com\/fr\/wp-json\/wp\/v2\/categories?post=371991"},{"taxonomy":"post_tag","embeddable":true,"href":"https:\/\/www.europesays.com\/fr\/wp-json\/wp\/v2\/tags?post=371991"}],"curies":[{"name":"wp","href":"https:\/\/api.w.org\/{rel}","templated":true}]}}