{"id":371993,"date":"2025-09-07T02:18:55","date_gmt":"2025-09-07T02:18:55","guid":{"rendered":"https:\/\/www.europesays.com\/fr\/371993\/"},"modified":"2025-09-07T02:18:55","modified_gmt":"2025-09-07T02:18:55","slug":"aides-de-leurope-pour-le-territoire","status":"publish","type":"post","link":"https:\/\/www.europesays.com\/fr\/371993\/","title":{"rendered":"Aides de l&rsquo;Europe pour le territoire"},"content":{"rendered":"<p>Utiliser les jumeaux num\u00e9riques pour un am\u00e9nagement r\u00e9silient des territoires.<\/p>\n<p>14 partenaires des Pays-Bas, de la Belgique, l&rsquo;Allemagne, la France, l&rsquo;Irlande et le Luxembourg collaborent de 2024 \u00e0 2027.<\/p>\n<p>Objectifs : faciliter l&rsquo;appropriation de jumeaux num\u00e9riques locaux par les acteurs du territoire pour la prise de d\u00e9cision. T4R identifiera des mod\u00e8les de gouvernance, des cas d&rsquo;usages et des actions de formation permettant de mettre les jumeaux num\u00e9riques au service d&rsquo;une planification territoriale adapt\u00e9e aux enjeux de la transition \u00e9cologique.\u00a0<\/p>\n<p><strong>Budget du projet :\u00a0<\/strong>8,38 millions d&rsquo;euros\u00a0\u00a0<\/p>\n","protected":false},"excerpt":{"rendered":"Utiliser les jumeaux num\u00e9riques pour un am\u00e9nagement r\u00e9silient des territoires. 14 partenaires des Pays-Bas, de la Belgique, l&rsquo;Allemagne,&hellip;\n","protected":false},"author":2,"featured_media":371994,"comment_status":"","ping_status":"","sticky":false,"template":"","format":"standard","meta":{"footnotes":""},"categories":[2821],"tags":[1111,11,829,1777,674,1011,27,12,584,25],"class_list":{"0":"post-371993","1":"post","2":"type-post","3":"status-publish","4":"format-standard","5":"has-post-thumbnail","7":"category-rennes","8":"tag-actu","9":"tag-actualites","10":"tag-bretagne","11":"tag-eu","12":"tag-europe","13":"tag-fr","14":"tag-france","15":"tag-news","16":"tag-rennes","17":"tag-republique-francaise"},"share_on_mastodon":{"url":"https:\/\/pubeurope.com\/@fr\/115160623559845720","error":""},"_links":{"self":[{"href":"https:\/\/www.europesays.com\/fr\/wp-json\/wp\/v2\/posts\/371993","targetHints":{"allow":["GET"]}}],"collection":[{"href":"https:\/\/www.europesays.com\/fr\/wp-json\/wp\/v2\/posts"}],"about":[{"href":"https:\/\/www.europesays.com\/fr\/wp-json\/wp\/v2\/types\/post"}],"author":[{"embeddable":true,"href":"https:\/\/www.europesays.com\/fr\/wp-json\/wp\/v2\/users\/2"}],"replies":[{"embeddable":true,"href":"https:\/\/www.europesays.com\/fr\/wp-json\/wp\/v2\/comments?post=371993"}],"version-history":[{"count":0,"href":"https:\/\/www.europesays.com\/fr\/wp-json\/wp\/v2\/posts\/371993\/revisions"}],"wp:featuredmedia":[{"embeddable":true,"href":"https:\/\/www.europesays.com\/fr\/wp-json\/wp\/v2\/media\/371994"}],"wp:attachment":[{"href":"https:\/\/www.europesays.com\/fr\/wp-json\/wp\/v2\/media?parent=371993"}],"wp:term":[{"taxonomy":"category","embeddable":true,"href":"https:\/\/www.europesays.com\/fr\/wp-json\/wp\/v2\/categories?post=371993"},{"taxonomy":"post_tag","embeddable":true,"href":"https:\/\/www.europesays.com\/fr\/wp-json\/wp\/v2\/tags?post=371993"}],"curies":[{"name":"wp","href":"https:\/\/api.w.org\/{rel}","templated":true}]}}