{"id":371998,"date":"2025-09-07T02:22:20","date_gmt":"2025-09-07T02:22:20","guid":{"rendered":"https:\/\/www.europesays.com\/fr\/371998\/"},"modified":"2025-09-07T02:22:20","modified_gmt":"2025-09-07T02:22:20","slug":"ce-que-promet-le-medicament-orphelin-de-roca-therapeutics","status":"publish","type":"post","link":"https:\/\/www.europesays.com\/fr\/371998\/","title":{"rendered":"ce que promet le m\u00e9dicament orphelin de Roca Therapeutics"},"content":{"rendered":"<p>C&rsquo;est une petite mol\u00e9cule chimique qui suscite beaucoup d&rsquo;espoir. Son nom\u00a0: RCT002. Sa vocation\u00a0: bloquer les facteurs cl\u00e9s de r\u00e9sistance au traitement dans les maladies de la r\u00e9tine. Parmi elles, l&rsquo;insidieuse maculopathie radique. \u00ab\u00a0Elle peut intervenir de 6 mois \u00e0 5 ans apr\u00e8s la radioth\u00e9rapie de tumeurs oculaires ou proches de l&rsquo;\u0153il, dans le cadre de traitements contre le cancer de l&rsquo;\u0153il, de la t\u00eate, du cerveau et du cou, et induire une perte de la vision qui peut aller jusqu&rsquo;\u00e0 la c\u00e9cit\u00e9 compl\u00e8te, voire l&rsquo;\u00e9nucl\u00e9ation sur le long terme pour cause de douleur\u00a0\u00bb, explique Maeva Dufies, directrice scientifique de Roca Therapeutics. Longtemps consid\u00e9r\u00e9e comme un malheureux effet secondaire, elle vient d&rsquo;\u00eatre reconnue par l&rsquo;Agence europ\u00e9enne du m\u00e9dicament comme une maladie \u00e0 part enti\u00e8re. Un changement de statut r\u00e9glementaire qui a tout d&rsquo;un tremplin pour le spin-off de l&rsquo;Universit\u00e9 C\u00f4te d&rsquo;Azur dont la solution th\u00e9rapeutique d\u00e9di\u00e9e vient, de ce fait, d&rsquo;obtenir la d\u00e9signation de m\u00e9dicament orphelin.<\/p>\n<p class=\"content_widget\" data-type=\"link\"><a href=\"https:\/\/region-sud.latribune.fr\/innovation\/2025-01-29\/immunotherapies-innate-pharma-veut-continuer-de-s-affirmer-1017052.html\" data-id=\"1017052\" rel=\"nofollow noopener\" target=\"_blank\">Biotech : Innate Pharma continue de se rapprocher de l&rsquo;industrie<\/a><\/p>\n<p>  <strong>Un double reconnaissance<\/strong>  <\/p>\n<p>Cette double reconnaissance europ\u00e9enne, que l&rsquo;entreprise entend dupliquer aupr\u00e8s de la FDA (Food and drug administration) am\u00e9ricaine dans les mois \u00e0 venir, constitue \u00ab\u00a0un fast track pour nos futurs essais cliniques, ouvrant ainsi la voie \u00e0 des investissements\u00a0\u00bb, poursuit la directrice scientifique de la biotech ni\u00e7oise, fond\u00e9e en 2021 par des chercheurs issus de l&rsquo;Institut de recherche sur le cancer et le vieillissement de Nice (IRCAN) et de l&rsquo;Institut de chimie de Nice (ICN). Lesquels ont fait le choix de se sp\u00e9cialiser dans le d\u00e9veloppement de traitements non-invasifs first-in-class contre les pathologies oculaires graves. \u00ab\u00a0L&rsquo;ophtalmologie est un domaine un peu abandonn\u00e9 o\u00f9 il y a peu d&rsquo;innovations. Nous sommes toujours sur les m\u00eames strat\u00e9gies th\u00e9rapeutiques, les m\u00eames cibles. \u00c7a tourne en rond, alors que le besoin m\u00e9dical des patients est urgent et les traitements peu nombreux et souvent invasifs, par injection intravitr\u00e9enne.\u00a0\u00bb Dans ce contexte, Roca Therapeutics prend position en s&rsquo;attaquant \u00e0 cette maladie rare, qui touche environ 10 000 personnes par an dans les pays d\u00e9velopp\u00e9s, avec son premier m\u00e9dicament propos\u00e9 sous forme de collyre.<\/p>\n<p class=\"content_widget\" data-type=\"link\"><a href=\"https:\/\/region-sud.latribune.fr\/innovation\/2024-11-12\/a-marseille-une-biotech-innove-en-cosmetiques-pour-financer-ses-recherches-et-seduit-brad-pitt-1011179.html\" data-id=\"1011179\" rel=\"nofollow noopener\" target=\"_blank\">\u00c0 Marseille, une biotech innove en cosm\u00e9tiques pour financer ses recherches et s\u00e9duit Brad Pitt<\/a><\/p>\n<p>   <strong>Gap technologique<\/strong>  <\/p>\n<p>\u00ab\u00a0Avec ce collyre, nous r\u00e9alisons ici un grand gap technologique\u00a0\u00bb, qu&rsquo;il s&rsquo;agit de mener \u00e0 son terme. Pour se faire, la biotech de 6 personnes, laur\u00e9ate du concours iLab 2021 de Bpifrance, a r\u00e9uni subventions et financements d&rsquo;un montant total de 4,7 millions d&rsquo;euros, dont 1,6 million d&rsquo;euros lev\u00e9s aupr\u00e8s de 3B Future Health Fund, bas\u00e9 au Luxembourg, et 1,1 million d&rsquo;euros obtenu d\u00e9but 2025 aupr\u00e8s du Fonds europ\u00e9en de d\u00e9veloppement r\u00e9gional (Feder).\u00a0L&rsquo;objectif d\u00e9sormais est de conclure un nouveau tour de table de 20 millions d&rsquo;euros pour lancer la phase d&rsquo;essais cliniques \u00e0 partir de septembre 2026.<\/p>\n<p class=\"content_widget\" data-type=\"link\"><a href=\"https:\/\/region-sud.latribune.fr\/innovation\/2025-02-18\/imagerie-medicale-median-technologies-assoit-sa-croissance-aux-etats-unis-1018692.html\" data-id=\"1018692\" rel=\"nofollow noopener\" target=\"_blank\">Imagerie m\u00e9dicale : Median Technologies assoit sa croissance aux Etats-Unis<\/a><\/p>\n<p>\u00ab\u00a0Notre approche est compl\u00e8te, reprend Maeva Dufies. Elle s&rsquo;attaque dans un premier temps \u00e0 une maladie rare pour laquelle il n&rsquo;existe pas de traitement approuv\u00e9 et dans un second temps \u00e0 des maladies plus communes, qui s&rsquo;inscrivent sur des march\u00e9s \u00e0 plusieurs milliards de dollars, pour lesquelles nous viendrons am\u00e9liorer le traitement existant, tant en termes d&rsquo;efficacit\u00e9 que de confort.\u00a0\u00bb En ligne de mire, l&rsquo;\u0153d\u00e8me maculaire diab\u00e9tique, cause la plus fr\u00e9quente d&rsquo;une d\u00e9t\u00e9rioration significative de la vue, et la DMLA humide. Des maladies qui, \u00e0 l&rsquo;inverse de la maculopathie radique, touchent des millions de personnes dans le monde, port\u00e9es par le vieillissement de la population. Une strat\u00e9gie \u00e0 double entr\u00e9e qui doit d\u00e9montrer la capacit\u00e9 de l&rsquo;entreprise \u00e0 red\u00e9finir l&rsquo;offre th\u00e9rapeutique pour les malades de la r\u00e9tine et \u00e0 la placer en pionnier de l&rsquo;innovation en ophtalmologie.<\/p>\n","protected":false},"excerpt":{"rendered":"C&rsquo;est une petite mol\u00e9cule chimique qui suscite beaucoup d&rsquo;espoir. Son nom\u00a0: RCT002. Sa vocation\u00a0: bloquer les facteurs cl\u00e9s&hellip;\n","protected":false},"author":2,"featured_media":371999,"comment_status":"","ping_status":"","sticky":false,"template":"","format":"standard","meta":{"footnotes":""},"categories":[2819],"tags":[1111,11,1777,674,1011,27,12,2401,882,25],"class_list":{"0":"post-371998","1":"post","2":"type-post","3":"status-publish","4":"format-standard","5":"has-post-thumbnail","7":"category-nice","8":"tag-actu","9":"tag-actualites","10":"tag-eu","11":"tag-europe","12":"tag-fr","13":"tag-france","14":"tag-news","15":"tag-nice","16":"tag-provence-alpes-cote-dazur","17":"tag-republique-francaise"},"share_on_mastodon":{"url":"https:\/\/pubeurope.com\/@fr\/115160635353907911","error":""},"_links":{"self":[{"href":"https:\/\/www.europesays.com\/fr\/wp-json\/wp\/v2\/posts\/371998","targetHints":{"allow":["GET"]}}],"collection":[{"href":"https:\/\/www.europesays.com\/fr\/wp-json\/wp\/v2\/posts"}],"about":[{"href":"https:\/\/www.europesays.com\/fr\/wp-json\/wp\/v2\/types\/post"}],"author":[{"embeddable":true,"href":"https:\/\/www.europesays.com\/fr\/wp-json\/wp\/v2\/users\/2"}],"replies":[{"embeddable":true,"href":"https:\/\/www.europesays.com\/fr\/wp-json\/wp\/v2\/comments?post=371998"}],"version-history":[{"count":0,"href":"https:\/\/www.europesays.com\/fr\/wp-json\/wp\/v2\/posts\/371998\/revisions"}],"wp:featuredmedia":[{"embeddable":true,"href":"https:\/\/www.europesays.com\/fr\/wp-json\/wp\/v2\/media\/371999"}],"wp:attachment":[{"href":"https:\/\/www.europesays.com\/fr\/wp-json\/wp\/v2\/media?parent=371998"}],"wp:term":[{"taxonomy":"category","embeddable":true,"href":"https:\/\/www.europesays.com\/fr\/wp-json\/wp\/v2\/categories?post=371998"},{"taxonomy":"post_tag","embeddable":true,"href":"https:\/\/www.europesays.com\/fr\/wp-json\/wp\/v2\/tags?post=371998"}],"curies":[{"name":"wp","href":"https:\/\/api.w.org\/{rel}","templated":true}]}}