{"id":372021,"date":"2025-09-07T02:35:20","date_gmt":"2025-09-07T02:35:20","guid":{"rendered":"https:\/\/www.europesays.com\/fr\/372021\/"},"modified":"2025-09-07T02:35:20","modified_gmt":"2025-09-07T02:35:20","slug":"lyon-lance-parfaitement-sa-saison-32-7","status":"publish","type":"post","link":"https:\/\/www.europesays.com\/fr\/372021\/","title":{"rendered":"Lyon lance parfaitement sa saison (32-7)"},"content":{"rendered":"<p itemprop=\"description\"><strong>Apr\u00e8s une saison 24\/25 rat\u00e9e, le LOU Rugby voulait se faire pardonner.<\/strong><\/p>\n<p>La nouvelle \u00e8re du club lyonnais d\u00e9bute bien, avec une victoire ce samedi face au Racing 92 pour le lancement de l&rsquo;exercice de Top 14.<\/p>\n<p>Nouveaux joueurs, nouveau pr\u00e9sident, nouvelles ambitions. Clairement, le LOU Rugby a fortement d\u00e9\u00e7u l&rsquo;an dernier, avec m\u00eame une crainte de rel\u00e9gation par moments. Et avec ces objectifs renouvel\u00e9s, la formation lyonnaise comptait satisfaire le public du Matmut Stadium de Gerland ce samedi, \u00e0 l&rsquo;occasion de la 1\u00e8re journ\u00e9e de Top 14.<\/p>\n<p>L&rsquo;adversaire du jour \u00e9tait dans une situation similaire, avec une triste 10e place acquise la saison pass\u00e9e, un changement de dirigeant et un effectif renouvel\u00e9.<\/p>\n<p>Sur la pelouse de sa tani\u00e8re, le LOU marquait tr\u00e8s vite son territoire. Liam Allen inscrivait un essai d\u00e8s la 3e minute.<br \/>Le Racing r\u00e9pondait 5 minutes plus tard avec l&rsquo;essai de Nathan Hugues. Mais Lyon avait de la ressource, et il n&rsquo;avait besoin que de deux minutes pour reprendre l&rsquo;avantage gr\u00e2ce \u00e0 Kylian Geraci.<\/p>\n<p>Avec un L\u00e9o Berdeu inspir\u00e9 et un troisi\u00e8me essai sign\u00e9 Charlie Cassang, le LOU menait largement \u00e0 la mi-temps (25-7).<\/p>\n<p>En seconde p\u00e9riode, le rythme se calmait. Seul Dylan Cretin parvenait \u00e0 faire se lever le public lyonnais, avec un essai \u00e0 la 67e minute.<\/p>\n<p>Avec le bonus offensif, le LOU balayait le Racing 92 (32-7).<\/p>\n<p>Samedi prochain, il faudra se rendre \u00e0 Montauban pour confirmer.<\/p>\n","protected":false},"excerpt":{"rendered":"Apr\u00e8s une saison 24\/25 rat\u00e9e, le LOU Rugby voulait se faire pardonner. La nouvelle \u00e8re du club lyonnais&hellip;\n","protected":false},"author":2,"featured_media":372022,"comment_status":"","ping_status":"","sticky":false,"template":"","format":"standard","meta":{"footnotes":""},"categories":[1889],"tags":[1111,11,2813,2190,2430,1109,251,1112,2811,1777,674,118,1011,27,1922,1110,1114,2428,2810,12,241,316,25,2812,517,800],"class_list":{"0":"post-372021","1":"post","2":"type-post","3":"status-publish","4":"format-standard","5":"has-post-thumbnail","7":"category-lyon","8":"tag-actu","9":"tag-actualites","10":"tag-article","11":"tag-asvel","12":"tag-auvergne-rhone-alpes","13":"tag-breves","14":"tag-culture","15":"tag-depeches","16":"tag-economique","17":"tag-eu","18":"tag-europe","19":"tag-faits-divers","20":"tag-fr","21":"tag-france","22":"tag-info","23":"tag-informations","24":"tag-infos","25":"tag-lyon","26":"tag-lyonmag","27":"tag-news","28":"tag-ol","29":"tag-politique","30":"tag-republique-francaise","31":"tag-sociale","32":"tag-sport","33":"tag-transports"},"share_on_mastodon":{"url":"https:\/\/pubeurope.com\/@fr\/115160686412029788","error":""},"_links":{"self":[{"href":"https:\/\/www.europesays.com\/fr\/wp-json\/wp\/v2\/posts\/372021","targetHints":{"allow":["GET"]}}],"collection":[{"href":"https:\/\/www.europesays.com\/fr\/wp-json\/wp\/v2\/posts"}],"about":[{"href":"https:\/\/www.europesays.com\/fr\/wp-json\/wp\/v2\/types\/post"}],"author":[{"embeddable":true,"href":"https:\/\/www.europesays.com\/fr\/wp-json\/wp\/v2\/users\/2"}],"replies":[{"embeddable":true,"href":"https:\/\/www.europesays.com\/fr\/wp-json\/wp\/v2\/comments?post=372021"}],"version-history":[{"count":0,"href":"https:\/\/www.europesays.com\/fr\/wp-json\/wp\/v2\/posts\/372021\/revisions"}],"wp:featuredmedia":[{"embeddable":true,"href":"https:\/\/www.europesays.com\/fr\/wp-json\/wp\/v2\/media\/372022"}],"wp:attachment":[{"href":"https:\/\/www.europesays.com\/fr\/wp-json\/wp\/v2\/media?parent=372021"}],"wp:term":[{"taxonomy":"category","embeddable":true,"href":"https:\/\/www.europesays.com\/fr\/wp-json\/wp\/v2\/categories?post=372021"},{"taxonomy":"post_tag","embeddable":true,"href":"https:\/\/www.europesays.com\/fr\/wp-json\/wp\/v2\/tags?post=372021"}],"curies":[{"name":"wp","href":"https:\/\/api.w.org\/{rel}","templated":true}]}}